{"id":20142,"date":"2025-07-07T12:57:04","date_gmt":"2025-07-07T10:57:04","guid":{"rendered":"https:\/\/www.ciudadrodrigo.es\/ayuntamiento\/?p=20142"},"modified":"2025-09-16T09:15:19","modified_gmt":"2025-09-16T07:15:19","slug":"segunda-modificacion-del-texto-refundido-del-proyecto-de-actuacion-urbanizacion-y-reparcelacion-del-sector-23-1","status":"publish","type":"post","link":"https:\/\/www.ciudadrodrigo.es\/ayuntamiento\/segunda-modificacion-del-texto-refundido-del-proyecto-de-actuacion-urbanizacion-y-reparcelacion-del-sector-23-1\/","title":{"rendered":"SEGUNDA MODIFICACI\u00d3N DEL TEXTO REFUNDIDO DEL PROYECTO DE ACTUACI\u00d3N (URBANIZACI\u00d3N Y REPARCELACI\u00d3N) DEL SECTOR 23.1"},"content":{"rendered":"<p><em><strong>CATEGOR\u00cdA: <\/strong>Segunda <\/em>Modificaci\u00f3n del Texto Refundido del Proyecto de Actuaci\u00f3n (urbanizaci\u00f3n y reparcelaci\u00f3n) del Sector 23.1<br \/>\n<em><strong>DESCRIPCI\u00d3N Y \u00c1MBITO DE APLICACI\u00d3N:\u00a0<\/strong><\/em>Reparcelaci\u00f3n y Urbanizaci\u00f3n del sector 23.1 situado zona del acceso norte de Ciudad Rodrigo procedente de la autov\u00eda A-62 Burgos-Portugal.<br \/>\n<em><strong>PROMOTOR:\u00a0<\/strong><\/em>Ayuntamiento<br \/>\n<em><strong>PUNTO DE INFORMACI\u00d3N:\u00a0<\/strong><\/em>Ayuntamiento de Ciudad Rodrigo. Plaza Mayor 27. Primera planta. Servicio de Urbanismo.<\/p>\n<p><strong><span style=\"text-decoration: underline;\">APROBACI\u00d3N INICIAL<\/span>:<\/strong><br \/>\n<em><strong>ACUERDO<\/strong><\/em>: Junta de Gobierno Local de fecha 24 de junio de 2024<br \/>\n<em><strong>PUBLICACI\u00d3N WEB<\/strong><\/em>: 07\/07\/2025<br \/>\n<em><strong>PUBLICACI\u00d3N TABL\u00d3N DE EDICTOS<\/strong>\u00a0<\/em>: 07\/07\/2025<br \/>\n<em><strong>PUBLICACI\u00d3N TABL\u00d3N DE ANUNCIOS DE LA SEDE ELECTR\u00d3NICA<\/strong><\/em>: 07\/07\/2025<br \/>\n<strong><em>PUBLICACI\u00d3N\u00a0<\/em><\/strong><strong>BOCYL:\u00a0<\/strong><a href=\"http:\/\/chrome-extension:\/\/efaidnbmnnnibpcajpcglclefindmkaj\/https:\/\/bocyl.jcyl.es\/boletines\/2025\/07\/07\/pdf\/BOCYL-D-07072025-57.pdf\" target=\"_blank\" rel=\"noopener\">07\/07\/2025<\/a><\/p>\n<p><em><strong>PRESENTACI\u00d3N DE ALEGACIONES<\/strong><\/em>: 1 mes a contar desde el siguiente a la publicaci\u00f3n en el BOCYL. Hasta el 8 de agosto de 2025.<\/p>\n<p><strong><span style=\"text-decoration: underline;\">APROBACI\u00d3N DEFINITIVA<\/span><\/strong>:<br \/>\nACUERDO:\u00a0 Junta de Gobierno Local de fecha 09\/09\/2025<br \/>\nPUBLICACI\u00d3N WEB: 09\/09\/2025<br \/>\nPUBLICACI\u00d3N TABL\u00d3N DE EDICTOS: 16\/09\/2025<br \/>\nPUBLICACI\u00d3N TABL\u00d3N DE ANUNCIOS DE LA SEDE ELECTR\u00d3NICA: 16\/09\/2025<br \/>\nPUBLICACI\u00d3N BOCYL: <a href=\"https:\/\/bocyl.jcyl.es\/boletines\/2025\/09\/16\/pdf\/BOCYL-D-16092025-10.pdf\" target=\"_blank\" rel=\"noopener\">16\/09\/2025<\/a><\/p>\n<p><span style=\"text-decoration: underline;\"><strong>DOCUMENTOS<\/strong><\/span>:<\/p>\n<table style=\"border-collapse: collapse; width: 39.0138%; height: 57px;\" border=\"1\">\n<tbody>\n<tr style=\"height: 48px;\">\n<td style=\"width: 6.87732%; height: 48px;\"><img loading=\"lazy\" decoding=\"async\" class=\"alignnone size-full wp-image-2515\" src=\"https:\/\/www.ciudadrodrigo.es\/ayuntamiento\/wp-content\/uploads\/2018\/04\/iconoDescargaPdf.png\" alt=\"\" width=\"30\" height=\"30\" \/><\/td>\n<td style=\"width: 93.1227%; height: 48px;\"><a href=\"https:\/\/www.ciudadrodrigo.es\/ayuntamiento\/wp-content\/uploads\/2025\/07\/3-Proy.-Actuaci_n-SE-23.1-v07-V.P._signed.pdf\" target=\"_blank\" rel=\"noopener\">SEGUNDO MODIFICADO DEL PROYECTO DE ACTUACI\u00d3N DEL SECTOR 23.1<\/a><\/td>\n<\/tr>\n<tr style=\"height: 48px;\">\n<td style=\"width: 6.87732%; height: 48px;\"><img loading=\"lazy\" decoding=\"async\" class=\"alignnone size-full wp-image-2515\" src=\"https:\/\/www.ciudadrodrigo.es\/ayuntamiento\/wp-content\/uploads\/2018\/04\/iconoDescargaPdf.png\" alt=\"\" width=\"30\" height=\"30\" \/><\/td>\n<td style=\"width: 93.1227%; height: 48px;\"><a href=\"https:\/\/www.ciudadrodrigo.es\/ayuntamiento\/wp-content\/uploads\/2025\/07\/2-SEGUNDO-MODIFICADO-DEL-TEXTO-REFUNDIDO-DEL-PROYECTO-DE-URBANIZACION-SECTOR-23.1-FIRMADO.pdf\" target=\"_blank\" rel=\"noopener\">SEGUNDO MODIFICADO DEL PROYECTO DE URBANIZACI\u00d3N SECTOR 23.1<\/a><\/td>\n<\/tr>\n<tr style=\"height: 48px;\">\n<td style=\"width: 6.87732%; height: 48px;\"><img loading=\"lazy\" decoding=\"async\" class=\"alignnone size-full wp-image-2515\" src=\"https:\/\/www.ciudadrodrigo.es\/ayuntamiento\/wp-content\/uploads\/2018\/04\/iconoDescargaPdf.png\" alt=\"\" width=\"30\" height=\"30\" \/><\/td>\n<td style=\"width: 93.1227%; height: 48px;\"><a href=\"https:\/\/www.ciudadrodrigo.es\/ayuntamiento\/wp-content\/uploads\/2025\/07\/5-Proy.-Actuaci_n-SE-23.1-v07-V.P._signed.pdf\" target=\"_blank\" rel=\"noopener\">SEGUNDO MODIFICADO DEL PROYECTO DE ACTUACI\u00d3N DEL SECTOR 23.1 APROBADO DEFINITIVAMENTE<\/a><\/td>\n<\/tr>\n<tr style=\"height: 37px;\">\n<td style=\"width: 6.87732%; height: 37px;\"><img loading=\"lazy\" decoding=\"async\" class=\"alignnone size-full wp-image-2515\" src=\"https:\/\/www.ciudadrodrigo.es\/ayuntamiento\/wp-content\/uploads\/2018\/04\/iconoDescargaPdf.png\" alt=\"\" width=\"30\" height=\"30\" \/><\/td>\n<td style=\"width: 93.1227%; height: 37px;\"><a href=\"https:\/\/www.ciudadrodrigo.es\/ayuntamiento\/wp-content\/uploads\/2025\/07\/5-SEGUNDO-MODIFICADO-DEL-TEXTO-REFUNDIDO-DEL-PROYECTO-DE-URBANIZACION-SECTOR-23.1-FIRMADO.pdf\" target=\"_blank\" rel=\"noopener\">SEGUNDO MODIFICADO DEL PROYECTO DE URBANIZACI\u00d3N DEL SECTOR 23.1 APROBADO DEFINITIVAMENTE<\/a><\/td>\n<\/tr>\n<\/tbody>\n<\/table>\n<p>&nbsp;<\/p>\n","protected":false},"excerpt":{"rendered":"<p>CATEGOR\u00cdA: Segunda Modificaci\u00f3n del Texto Refundido del Proyecto de Actuaci\u00f3n (urbanizaci\u00f3n y reparcelaci\u00f3n) del Sector 23.1 DESCRIPCI\u00d3N Y \u00c1MBITO DE APLICACI\u00d3N:\u00a0Reparcelaci\u00f3n y Urbanizaci\u00f3n del sector 23.1 situado zona del acceso norte de Ciudad Rodrigo procedente de la autov\u00eda A-62 Burgos-Portugal. PROMOTOR:\u00a0Ayuntamiento PUNTO DE INFORMACI\u00d3N:\u00a0Ayuntamiento de Ciudad Rodrigo. Plaza Mayor 27. Primera planta. Servicio de Urbanismo. [&hellip;]<\/p>\n","protected":false},"author":4,"featured_media":0,"comment_status":"closed","ping_status":"closed","sticky":false,"template":"","format":"standard","meta":{"footnotes":""},"categories":[153],"tags":[],"class_list":["post-20142","post","type-post","status-publish","format-standard","hentry","category-normativa-urbanistica-de-aplicacion-gestion"],"_links":{"self":[{"href":"https:\/\/www.ciudadrodrigo.es\/ayuntamiento\/wp-json\/wp\/v2\/posts\/20142","targetHints":{"allow":["GET"]}}],"collection":[{"href":"https:\/\/www.ciudadrodrigo.es\/ayuntamiento\/wp-json\/wp\/v2\/posts"}],"about":[{"href":"https:\/\/www.ciudadrodrigo.es\/ayuntamiento\/wp-json\/wp\/v2\/types\/post"}],"author":[{"embeddable":true,"href":"https:\/\/www.ciudadrodrigo.es\/ayuntamiento\/wp-json\/wp\/v2\/users\/4"}],"replies":[{"embeddable":true,"href":"https:\/\/www.ciudadrodrigo.es\/ayuntamiento\/wp-json\/wp\/v2\/comments?post=20142"}],"version-history":[{"count":6,"href":"https:\/\/www.ciudadrodrigo.es\/ayuntamiento\/wp-json\/wp\/v2\/posts\/20142\/revisions"}],"predecessor-version":[{"id":20926,"href":"https:\/\/www.ciudadrodrigo.es\/ayuntamiento\/wp-json\/wp\/v2\/posts\/20142\/revisions\/20926"}],"wp:attachment":[{"href":"https:\/\/www.ciudadrodrigo.es\/ayuntamiento\/wp-json\/wp\/v2\/media?parent=20142"}],"wp:term":[{"taxonomy":"category","embeddable":true,"href":"https:\/\/www.ciudadrodrigo.es\/ayuntamiento\/wp-json\/wp\/v2\/categories?post=20142"},{"taxonomy":"post_tag","embeddable":true,"href":"https:\/\/www.ciudadrodrigo.es\/ayuntamiento\/wp-json\/wp\/v2\/tags?post=20142"}],"curies":[{"name":"wp","href":"https:\/\/api.w.org\/{rel}","templated":true}]}}