{"id":20436,"date":"2025-07-31T10:30:53","date_gmt":"2025-07-31T08:30:53","guid":{"rendered":"https:\/\/www.ciudadrodrigo.es\/ayuntamiento\/?p=20436"},"modified":"2025-07-31T10:35:52","modified_gmt":"2025-07-31T08:35:52","slug":"aprobado-y-anunciado-el-listado-de-los-puestos-para-el-martes-chico","status":"publish","type":"post","link":"https:\/\/www.ciudadrodrigo.es\/ayuntamiento\/aprobado-y-anunciado-el-listado-de-los-puestos-para-el-martes-chico\/","title":{"rendered":"Aprobado el listado de los puestos para el Martes Chico"},"content":{"rendered":"<p>El Ayuntamiento de Ciudad Rodrigo ha aprobado el listado de participantes de puestos que estar\u00e1n en el Martes Chico de este a\u00f1o, junto con la ordenaci\u00f3n, asignaci\u00f3n y ubicaci\u00f3n de los puestos correspondientes.<\/p>\n<p>El total de puestos inscritos ha sido de 163, aunque la mayor\u00eda proceden de Ciudad Rodrigo tambi\u00e9n hay que provienen de: Salamanca, \u00c1vila, Zamora, Valladolid, Toledo, Madrid, Badajoz, C\u00e1ceres, A Coru\u00f1a y Bizkaia. Que se van a distribuir en:<\/p>\n<ul>\n<li>71 comercios<\/li>\n<li>51 puestos artesanales<\/li>\n<li>9 asociaciones o instituciones varias<\/li>\n<li>5 puestos de hosteler\u00eda<\/li>\n<li>27 puestos infantiles<\/li>\n<\/ul>\n<p>Los participantes locales recoger\u00e1n el permiso municipal (licencia) en la Oficina Municipal de Desarrollo en el Ayuntamiento en horario de 9:00h a 14:00h, de lunes a viernes. Los participantes de fuera de la localidad recibir\u00e1n el permiso municipal por correo postal.<\/p>\n<p>Como ya es sabido, el Martes Chico tendr\u00e1 lugar el pr\u00f3ximo martes, 5 agosto de 2025, en el entorno comercial del Parque La Glorieta, en el horario de venta comercial 10:00h a 15:00h.<\/p>\n<p>Las calles afectadas por la instalaci\u00f3n de puestos en la v\u00eda p\u00fablica durante este Martes Chico del entorno Parque La Glorieta son las siguientes: San Fernando, Santa Clara, Laguna, Lorenza Iglesias, San Crist\u00f3bal, C\u00e1rcabas, Parque La Glorieta y Ronda San Pelayo.<\/p>\n<p>Se recuerda que los puestos deber\u00e1n estar montados hacia las 10:00h de dicho martes, 5 agosto, ya que el tr\u00e1fico rodado quedar\u00e1 prohibido a partir de estas mismas horas, las 10:00h, de esa misma ma\u00f1ana.<\/p>\n\n","protected":false},"excerpt":{"rendered":"<p>El Ayuntamiento de Ciudad Rodrigo ha aprobado el listado de participantes de puestos que estar\u00e1n en el Martes Chico de este a\u00f1o, junto con la ordenaci\u00f3n, asignaci\u00f3n y ubicaci\u00f3n de los puestos correspondientes. El total de puestos inscritos ha sido de 163, aunque la mayor\u00eda proceden de Ciudad Rodrigo tambi\u00e9n hay que provienen de: Salamanca, [&hellip;]<\/p>\n","protected":false},"author":1,"featured_media":20437,"comment_status":"closed","ping_status":"closed","sticky":false,"template":"","format":"standard","meta":{"footnotes":""},"categories":[141,371,147],"tags":[],"class_list":["post-20436","post","type-post","status-publish","format-standard","has-post-thumbnail","hentry","category-actualidad","category-comercio-actualidad","category-destacados"],"_links":{"self":[{"href":"https:\/\/www.ciudadrodrigo.es\/ayuntamiento\/wp-json\/wp\/v2\/posts\/20436","targetHints":{"allow":["GET"]}}],"collection":[{"href":"https:\/\/www.ciudadrodrigo.es\/ayuntamiento\/wp-json\/wp\/v2\/posts"}],"about":[{"href":"https:\/\/www.ciudadrodrigo.es\/ayuntamiento\/wp-json\/wp\/v2\/types\/post"}],"author":[{"embeddable":true,"href":"https:\/\/www.ciudadrodrigo.es\/ayuntamiento\/wp-json\/wp\/v2\/users\/1"}],"replies":[{"embeddable":true,"href":"https:\/\/www.ciudadrodrigo.es\/ayuntamiento\/wp-json\/wp\/v2\/comments?post=20436"}],"version-history":[{"count":3,"href":"https:\/\/www.ciudadrodrigo.es\/ayuntamiento\/wp-json\/wp\/v2\/posts\/20436\/revisions"}],"predecessor-version":[{"id":20440,"href":"https:\/\/www.ciudadrodrigo.es\/ayuntamiento\/wp-json\/wp\/v2\/posts\/20436\/revisions\/20440"}],"wp:featuredmedia":[{"embeddable":true,"href":"https:\/\/www.ciudadrodrigo.es\/ayuntamiento\/wp-json\/wp\/v2\/media\/20437"}],"wp:attachment":[{"href":"https:\/\/www.ciudadrodrigo.es\/ayuntamiento\/wp-json\/wp\/v2\/media?parent=20436"}],"wp:term":[{"taxonomy":"category","embeddable":true,"href":"https:\/\/www.ciudadrodrigo.es\/ayuntamiento\/wp-json\/wp\/v2\/categories?post=20436"},{"taxonomy":"post_tag","embeddable":true,"href":"https:\/\/www.ciudadrodrigo.es\/ayuntamiento\/wp-json\/wp\/v2\/tags?post=20436"}],"curies":[{"name":"wp","href":"https:\/\/api.w.org\/{rel}","templated":true}]}}