{"id":20454,"date":"2025-08-01T11:59:52","date_gmt":"2025-08-01T09:59:52","guid":{"rendered":"https:\/\/www.ciudadrodrigo.es\/ayuntamiento\/?p=20454"},"modified":"2025-08-01T12:44:04","modified_gmt":"2025-08-01T10:44:04","slug":"nuevas-exposiciones-en-la-casa-de-cultura","status":"publish","type":"post","link":"https:\/\/www.ciudadrodrigo.es\/ayuntamiento\/nuevas-exposiciones-en-la-casa-de-cultura\/","title":{"rendered":"\u00a0Nuevas Exposiciones en la Casa de Cultura"},"content":{"rendered":"<div class=\"\" data-block=\"true\" data-editor=\"6l7d5\" data-offset-key=\"1juj7-0-0\">\n<div class=\"_1mf _1mj\" data-offset-key=\"1juj7-0-0\">Desde hoy, viernes 1 de agosto, y hasta al pr\u00f3ximo d\u00eda 21 de este mes se podr\u00e1n visitar en la Casa de Cultura las siguientes exposiciones:<\/div>\n<\/div>\n<div class=\"\" data-block=\"true\" data-editor=\"6l7d5\" data-offset-key=\"g1rn-0-0\">\n<div class=\"_1mf _1mj\" data-offset-key=\"g1rn-0-0\"><span data-offset-key=\"g1rn-0-0\">\u00a0<\/span><\/div>\n<\/div>\n<div class=\"\" data-block=\"true\" data-editor=\"6l7d5\" data-offset-key=\"e8et1-0-0\">\n<ul>\n<li class=\"_1mf _1mj\" data-offset-key=\"e8et1-0-0\"><span data-offset-key=\"e8et1-0-0\">La exposici\u00f3n de las obras premiadas en el XXVII Concurso de Pintura al Aire Libre. <\/span><\/li>\n<\/ul>\n<\/div>\n<div class=\"\" data-block=\"true\" data-editor=\"6l7d5\" data-offset-key=\"fjp3c-0-0\">\n<div class=\"_1mf _1mj\" data-offset-key=\"fjp3c-0-0\"><span data-offset-key=\"fjp3c-0-0\">\u00a0<\/span><\/div>\n<\/div>\n<div class=\"\" data-block=\"true\" data-editor=\"6l7d5\" data-offset-key=\"fejdd-0-0\">\n<ul>\n<li class=\"_1mf _1mj\" data-offset-key=\"fejdd-0-0\"><span data-offset-key=\"fejdd-0-0\">La exposici\u00f3n de las obras participantes en el V Concurso de Fotograf\u00eda \u201cInteriores de los monumentos de Ciudad Rodrigo\u201d. <\/span><\/li>\n<\/ul>\n<\/div>\n<div class=\"\" data-block=\"true\" data-editor=\"6l7d5\" data-offset-key=\"a76jh-0-0\">\n<div class=\"_1mf _1mj\" data-offset-key=\"a76jh-0-0\"><span data-offset-key=\"a76jh-0-0\">\u00a0<\/span><\/div>\n<\/div>\n<div class=\"\" data-block=\"true\" data-editor=\"6l7d5\" data-offset-key=\"7stsa-0-0\">\n<ul>\n<li class=\"_1mf _1mj\" data-offset-key=\"7stsa-0-0\"><span data-offset-key=\"7stsa-0-0\">La exposici\u00f3n del cuadro, La primera cena charra, obra de Lidia Vecino, que forma parte del proyecto Berrako, creado por el mirobrigense, \u00c1ngel Lemus. <\/span><\/li>\n<\/ul>\n<\/div>\n<div class=\"\" data-block=\"true\" data-editor=\"6l7d5\" data-offset-key=\"8v94m-0-0\">\n<div class=\"_1mf _1mj\" data-offset-key=\"8v94m-0-0\"><span data-offset-key=\"8v94m-0-0\">\u00a0<\/span><\/div>\n<\/div>\n<div class=\"\" data-block=\"true\" data-editor=\"6l7d5\" data-offset-key=\"7imi7-0-0\">\n<div class=\"_1mf _1mj\" data-offset-key=\"7imi7-0-0\"><span data-offset-key=\"7imi7-0-0\">En horario de lunes a viernes de 10:00 a 14:00 horas y de 16:00 a 18:00 horas y s\u00e1bados, domingos y festivos de 10:00 a 14:00 horas y de 16:30 a 20:00 horas.<\/span><\/div>\n<div data-offset-key=\"7imi7-0-0\"><\/div>\n<\/div>\n","protected":false},"excerpt":{"rendered":"<p>Desde hoy, viernes 1 de agosto, y hasta al pr\u00f3ximo d\u00eda 21 de este mes se podr\u00e1n visitar en la Casa de Cultura las siguientes exposiciones: \u00a0 La exposici\u00f3n de las obras premiadas en el XXVII Concurso de Pintura al Aire Libre. \u00a0 La exposici\u00f3n de las obras participantes en el V Concurso de Fotograf\u00eda [&hellip;]<\/p>\n","protected":false},"author":1,"featured_media":20455,"comment_status":"closed","ping_status":"closed","sticky":false,"template":"","format":"standard","meta":{"footnotes":""},"categories":[141,368,147],"tags":[],"class_list":["post-20454","post","type-post","status-publish","format-standard","has-post-thumbnail","hentry","category-actualidad","category-cultura","category-destacados"],"_links":{"self":[{"href":"https:\/\/www.ciudadrodrigo.es\/ayuntamiento\/wp-json\/wp\/v2\/posts\/20454","targetHints":{"allow":["GET"]}}],"collection":[{"href":"https:\/\/www.ciudadrodrigo.es\/ayuntamiento\/wp-json\/wp\/v2\/posts"}],"about":[{"href":"https:\/\/www.ciudadrodrigo.es\/ayuntamiento\/wp-json\/wp\/v2\/types\/post"}],"author":[{"embeddable":true,"href":"https:\/\/www.ciudadrodrigo.es\/ayuntamiento\/wp-json\/wp\/v2\/users\/1"}],"replies":[{"embeddable":true,"href":"https:\/\/www.ciudadrodrigo.es\/ayuntamiento\/wp-json\/wp\/v2\/comments?post=20454"}],"version-history":[{"count":1,"href":"https:\/\/www.ciudadrodrigo.es\/ayuntamiento\/wp-json\/wp\/v2\/posts\/20454\/revisions"}],"predecessor-version":[{"id":20456,"href":"https:\/\/www.ciudadrodrigo.es\/ayuntamiento\/wp-json\/wp\/v2\/posts\/20454\/revisions\/20456"}],"wp:featuredmedia":[{"embeddable":true,"href":"https:\/\/www.ciudadrodrigo.es\/ayuntamiento\/wp-json\/wp\/v2\/media\/20455"}],"wp:attachment":[{"href":"https:\/\/www.ciudadrodrigo.es\/ayuntamiento\/wp-json\/wp\/v2\/media?parent=20454"}],"wp:term":[{"taxonomy":"category","embeddable":true,"href":"https:\/\/www.ciudadrodrigo.es\/ayuntamiento\/wp-json\/wp\/v2\/categories?post=20454"},{"taxonomy":"post_tag","embeddable":true,"href":"https:\/\/www.ciudadrodrigo.es\/ayuntamiento\/wp-json\/wp\/v2\/tags?post=20454"}],"curies":[{"name":"wp","href":"https:\/\/api.w.org\/{rel}","templated":true}]}}