{"id":20594,"date":"2025-08-11T09:13:23","date_gmt":"2025-08-11T07:13:23","guid":{"rendered":"https:\/\/www.ciudadrodrigo.es\/ayuntamiento\/?p=20594"},"modified":"2025-08-11T09:13:23","modified_gmt":"2025-08-11T07:13:23","slug":"bando-martes-mayor","status":"publish","type":"post","link":"https:\/\/www.ciudadrodrigo.es\/ayuntamiento\/bando-martes-mayor\/","title":{"rendered":"Bando Martes Mayor"},"content":{"rendered":"<p>El alcalde mirobrigense, Marcos Iglesias, ha publicado el tradicional Bando de la Alcald\u00eda que regula la celebraci\u00f3n, el pr\u00f3ximo d\u00eda 12, del Martes Mayor, la fiesta de exaltaci\u00f3n del comercio de Ciudad Rodrigo.<\/p>\n\n","protected":false},"excerpt":{"rendered":"<p>El alcalde mirobrigense, Marcos Iglesias, ha publicado el tradicional Bando de la Alcald\u00eda que regula la celebraci\u00f3n, el pr\u00f3ximo d\u00eda 12, del Martes Mayor, la fiesta de exaltaci\u00f3n del comercio de Ciudad Rodrigo.<\/p>\n","protected":false},"author":1,"featured_media":20598,"comment_status":"closed","ping_status":"closed","sticky":false,"template":"","format":"standard","meta":{"footnotes":""},"categories":[141,371,147],"tags":[],"class_list":["post-20594","post","type-post","status-publish","format-standard","has-post-thumbnail","hentry","category-actualidad","category-comercio-actualidad","category-destacados"],"_links":{"self":[{"href":"https:\/\/www.ciudadrodrigo.es\/ayuntamiento\/wp-json\/wp\/v2\/posts\/20594","targetHints":{"allow":["GET"]}}],"collection":[{"href":"https:\/\/www.ciudadrodrigo.es\/ayuntamiento\/wp-json\/wp\/v2\/posts"}],"about":[{"href":"https:\/\/www.ciudadrodrigo.es\/ayuntamiento\/wp-json\/wp\/v2\/types\/post"}],"author":[{"embeddable":true,"href":"https:\/\/www.ciudadrodrigo.es\/ayuntamiento\/wp-json\/wp\/v2\/users\/1"}],"replies":[{"embeddable":true,"href":"https:\/\/www.ciudadrodrigo.es\/ayuntamiento\/wp-json\/wp\/v2\/comments?post=20594"}],"version-history":[{"count":2,"href":"https:\/\/www.ciudadrodrigo.es\/ayuntamiento\/wp-json\/wp\/v2\/posts\/20594\/revisions"}],"predecessor-version":[{"id":20597,"href":"https:\/\/www.ciudadrodrigo.es\/ayuntamiento\/wp-json\/wp\/v2\/posts\/20594\/revisions\/20597"}],"wp:featuredmedia":[{"embeddable":true,"href":"https:\/\/www.ciudadrodrigo.es\/ayuntamiento\/wp-json\/wp\/v2\/media\/20598"}],"wp:attachment":[{"href":"https:\/\/www.ciudadrodrigo.es\/ayuntamiento\/wp-json\/wp\/v2\/media?parent=20594"}],"wp:term":[{"taxonomy":"category","embeddable":true,"href":"https:\/\/www.ciudadrodrigo.es\/ayuntamiento\/wp-json\/wp\/v2\/categories?post=20594"},{"taxonomy":"post_tag","embeddable":true,"href":"https:\/\/www.ciudadrodrigo.es\/ayuntamiento\/wp-json\/wp\/v2\/tags?post=20594"}],"curies":[{"name":"wp","href":"https:\/\/api.w.org\/{rel}","templated":true}]}}