{"id":20599,"date":"2025-08-11T10:35:56","date_gmt":"2025-08-11T08:35:56","guid":{"rendered":"https:\/\/www.ciudadrodrigo.es\/ayuntamiento\/?p=20599"},"modified":"2025-08-11T10:36:18","modified_gmt":"2025-08-11T08:36:18","slug":"listado-de-puestos-inscritos-y-admitidos-martes-mayor-2025","status":"publish","type":"post","link":"https:\/\/www.ciudadrodrigo.es\/ayuntamiento\/listado-de-puestos-inscritos-y-admitidos-martes-mayor-2025\/","title":{"rendered":"Listado de puestos inscritos y admitidos del Martes Mayor 2025"},"content":{"rendered":"<p>Por Resoluci\u00f3n de la Alcald\u00eda N.\u00ba 1007\/2025, de fecha 7 de agosto de 2025, se ha aprobado el\u00a0 listado de\u00a0 participantes de puestos del Martes Mayor de este a\u00f1o, junto con la ordenaci\u00f3n, asignaci\u00f3n y ubicaci\u00f3n de puestos correspondientes.<\/p>\n<p>En esta ocasi\u00f3n han sido un total de 191 puestos inscritos en el Martes Mayor 2025; y son puestos que proceden mayormente de Ciudad Rodrigo, y el resto, de provincias tales como: Salamanca, \u00c1vila, Zamora, Valladolid, Toledo, Madrid, Badajoz, C\u00e1ceres, A Coru\u00f1a, Bizkaia, Sevilla, Valencia y Portugal; y que se distribuyen en los siguientes sectores comerciales:<br \/>\n&#8211; 92 puestos de comercio,<br \/>\n&#8211; 56 puestos de artesan\u00eda<br \/>\n-19 puestos de asociaciones o instituciones varias<br \/>\n-16 puestos infantiles<br \/>\n-8 puestos de hosteler\u00eda<\/p>\n<p>Los participantes locales admitidos deber\u00e1n recoger el permiso municipal (licencia) en la Oficina Municipal de Desarrollo sita en Plaza Mayor (Ayuntamiento), en horario de 9:00h a 14:00h, de lunes a viernes.<\/p>\n<p>El resto de participantes (de fuera de localidad)\u00a0 recibir\u00e1n el permiso municipal por correo postal, en la direcci\u00f3n de domicilio marcada en la solicitud de participaci\u00f3n.<\/p>\n<p>Como ya es sabido, el Martes Mayor tendr\u00e1 lugar el pr\u00f3ximo martes, 12 agosto, en el entorno comercial del casco hist\u00f3rico (dentro de murallas), en el horario de venta comercial de 10:00h a 15:00h.<\/p>\n<p>Las calles afectadas por la instalaci\u00f3n de puestos en la v\u00eda p\u00fablica durante este Martes Mayor del entorno del casco hist\u00f3rico son las siguientes: Plaza Mayor, San Juan, R\u00faa del Sol, Colada, Cardenal Pacheco, Juli\u00e1n S\u00e1nchez, Plaza Buen Alcalde, Jazm\u00edn, Plaza del Conde, Madrid y Registro.<\/p>\n<p>Se recuerda que los puestos deber\u00e1n estar montados hacia las 10:00h de dicho martes, 12 agosto, ya que el tr\u00e1fico rodado quedar\u00e1 prohibido a partir de esas mismas horas.<\/p>\n\n","protected":false},"excerpt":{"rendered":"<p>Por Resoluci\u00f3n de la Alcald\u00eda N.\u00ba 1007\/2025, de fecha 7 de agosto de 2025, se ha aprobado el\u00a0 listado de\u00a0 participantes de puestos del Martes Mayor de este a\u00f1o, junto con la ordenaci\u00f3n, asignaci\u00f3n y ubicaci\u00f3n de puestos correspondientes. En esta ocasi\u00f3n han sido un total de 191 puestos inscritos en el Martes Mayor 2025; [&hellip;]<\/p>\n","protected":false},"author":1,"featured_media":20600,"comment_status":"closed","ping_status":"closed","sticky":false,"template":"","format":"standard","meta":{"footnotes":""},"categories":[141,371,147],"tags":[],"class_list":["post-20599","post","type-post","status-publish","format-standard","has-post-thumbnail","hentry","category-actualidad","category-comercio-actualidad","category-destacados"],"_links":{"self":[{"href":"https:\/\/www.ciudadrodrigo.es\/ayuntamiento\/wp-json\/wp\/v2\/posts\/20599","targetHints":{"allow":["GET"]}}],"collection":[{"href":"https:\/\/www.ciudadrodrigo.es\/ayuntamiento\/wp-json\/wp\/v2\/posts"}],"about":[{"href":"https:\/\/www.ciudadrodrigo.es\/ayuntamiento\/wp-json\/wp\/v2\/types\/post"}],"author":[{"embeddable":true,"href":"https:\/\/www.ciudadrodrigo.es\/ayuntamiento\/wp-json\/wp\/v2\/users\/1"}],"replies":[{"embeddable":true,"href":"https:\/\/www.ciudadrodrigo.es\/ayuntamiento\/wp-json\/wp\/v2\/comments?post=20599"}],"version-history":[{"count":3,"href":"https:\/\/www.ciudadrodrigo.es\/ayuntamiento\/wp-json\/wp\/v2\/posts\/20599\/revisions"}],"predecessor-version":[{"id":20604,"href":"https:\/\/www.ciudadrodrigo.es\/ayuntamiento\/wp-json\/wp\/v2\/posts\/20599\/revisions\/20604"}],"wp:featuredmedia":[{"embeddable":true,"href":"https:\/\/www.ciudadrodrigo.es\/ayuntamiento\/wp-json\/wp\/v2\/media\/20600"}],"wp:attachment":[{"href":"https:\/\/www.ciudadrodrigo.es\/ayuntamiento\/wp-json\/wp\/v2\/media?parent=20599"}],"wp:term":[{"taxonomy":"category","embeddable":true,"href":"https:\/\/www.ciudadrodrigo.es\/ayuntamiento\/wp-json\/wp\/v2\/categories?post=20599"},{"taxonomy":"post_tag","embeddable":true,"href":"https:\/\/www.ciudadrodrigo.es\/ayuntamiento\/wp-json\/wp\/v2\/tags?post=20599"}],"curies":[{"name":"wp","href":"https:\/\/api.w.org\/{rel}","templated":true}]}}