{"id":20675,"date":"2025-08-22T10:40:29","date_gmt":"2025-08-22T08:40:29","guid":{"rendered":"https:\/\/www.ciudadrodrigo.es\/ayuntamiento\/?p=20675"},"modified":"2025-09-01T12:49:29","modified_gmt":"2025-09-01T10:49:29","slug":"ciudad-rodrigo-candidato-a-la-premio-a-la-mejor-conservacion-del-casco-historico-de-national-geografic","status":"publish","type":"post","link":"https:\/\/www.ciudadrodrigo.es\/ayuntamiento\/ciudad-rodrigo-candidato-a-la-premio-a-la-mejor-conservacion-del-casco-historico-de-national-geografic\/","title":{"rendered":"Ciudad Rodrigo candidato al Premio a la \u201cMejor Conservaci\u00f3n del Casco Hist\u00f3rico\u201d de National Geografic"},"content":{"rendered":"<p>La <strong>revista Historia National Geografic<\/strong> ha seleccionado a Ciudad Rodrigo como nominado en la categor\u00eda <strong>\u201cMejor Conservaci\u00f3n del Casco Hist\u00f3rico\u201d<\/strong> en los <strong>II Premios de los Lectores \u201c+Historia\u201d<\/strong>, patrocinados por el Ayuntamiento de C\u00f3rdoba y C\u00f3rdoba es M\u00e1s.<img loading=\"lazy\" decoding=\"async\" class=\"wp-image-20676 alignright\" src=\"https:\/\/www.ciudadrodrigo.es\/ayuntamiento\/wp-content\/uploads\/2025\/08\/LOGO_PREMIOS_HISTORIA_1500X1500-1024x1024.jpg\" alt=\"\" width=\"423\" height=\"423\" srcset=\"https:\/\/www.ciudadrodrigo.es\/ayuntamiento\/wp-content\/uploads\/2025\/08\/LOGO_PREMIOS_HISTORIA_1500X1500-1024x1024.jpg 1024w, https:\/\/www.ciudadrodrigo.es\/ayuntamiento\/wp-content\/uploads\/2025\/08\/LOGO_PREMIOS_HISTORIA_1500X1500-300x300.jpg 300w, https:\/\/www.ciudadrodrigo.es\/ayuntamiento\/wp-content\/uploads\/2025\/08\/LOGO_PREMIOS_HISTORIA_1500X1500-150x150.jpg 150w, https:\/\/www.ciudadrodrigo.es\/ayuntamiento\/wp-content\/uploads\/2025\/08\/LOGO_PREMIOS_HISTORIA_1500X1500-768x768.jpg 768w, https:\/\/www.ciudadrodrigo.es\/ayuntamiento\/wp-content\/uploads\/2025\/08\/LOGO_PREMIOS_HISTORIA_1500X1500-1180x1180.jpg 1180w, https:\/\/www.ciudadrodrigo.es\/ayuntamiento\/wp-content\/uploads\/2025\/08\/LOGO_PREMIOS_HISTORIA_1500X1500-800x800.jpg 800w, https:\/\/www.ciudadrodrigo.es\/ayuntamiento\/wp-content\/uploads\/2025\/08\/LOGO_PREMIOS_HISTORIA_1500X1500-355x355.jpg 355w, https:\/\/www.ciudadrodrigo.es\/ayuntamiento\/wp-content\/uploads\/2025\/08\/LOGO_PREMIOS_HISTORIA_1500X1500-440x440.jpg 440w, https:\/\/www.ciudadrodrigo.es\/ayuntamiento\/wp-content\/uploads\/2025\/08\/LOGO_PREMIOS_HISTORIA_1500X1500-650x650.jpg 650w, https:\/\/www.ciudadrodrigo.es\/ayuntamiento\/wp-content\/uploads\/2025\/08\/LOGO_PREMIOS_HISTORIA_1500X1500.jpg 1500w\" sizes=\"auto, (max-width: 423px) 100vw, 423px\" \/><\/p>\n<p>La delegada de Comunicaci\u00f3n en el Ayuntamiento de Ciudad Rodrigo, <strong>Joana Veloso<\/strong>, ha agradecido a la revista Historia National Geografic la nominaci\u00f3n al tiempo que anima a votar por Ciudad Rodrigo tanto a los mirobrigenses y como aquellas personas que nos han visitado en alguna ocasi\u00f3n y que \u201cson conocedores del trabajo, esfuerzo y reivindicaci\u00f3n que desde el Consistorio se realiza continuamente para que el casco hist\u00f3rico presente la mejor imagen con el apoyo inestimable de las administraciones superiores, Diputaci\u00f3n de Salamanca, Junta de Castilla y Le\u00f3n y Gobierno Central\u201d.<\/p>\n<p>Las votaciones estar\u00e1n abiertas <strong>desde hoy, d\u00eda 22 de agosto, hasta el d\u00eda 12 de octubre<\/strong>, pudi\u00e9ndose acceder a trav\u00e9s de la web historia.nationalgeographic.com.es, sorte\u00e1ndose por parte de la revista y entre todos los participantes diez c\u00e1maras Fujifilm Instax Mini LiPlay.<\/p>\n<p>En esta categor\u00eda se premia a aquellos ayuntamientos de\u00a0ciudades o pueblos espa\u00f1oles amurallados\u00a0y que hayan dotado a su casco hist\u00f3rico de los elementos suficientes para que este\u00a0se revalorice\u00a0y constituya un recorrido interesante y clave para reconocer determinado per\u00edodo de la historia de Espa\u00f1a.<\/p>\n<p><strong>Ciudad Rodrigo compite con<\/strong> Besal\u00fa (Girona); Ainsa (Huesca), Trujillo (C\u00e1ceres) y Dalt Vila (Ibiza) en la categor\u00eda de \u201cMejor Conservaci\u00f3n de Casco Hist\u00f3rico Amurallado\u201d.<\/p>\n<p><strong>Accede a la votaci\u00f3n desde este enlace:<\/strong><\/p>\n<p><a href=\"https:\/\/historia.nationalgeographic.com.es\/a\/categoria-mejor-conservacion-casco-historico-amurallado_24010\"><strong>https:\/\/historia.nationalgeographic.com.es\/a\/categoria-mejor-conservacion-casco-historico-amurallado_24010<\/strong><\/a><\/p>\n<p><strong>\u00a0<\/strong><strong>Para que el voto sea v\u00e1lido, hay que emitir seis votos, un nominado para cada categor\u00eda<\/strong>.\u00a0El formulario completo para votar se encuentra en cualquier categor\u00eda y en cualquier art\u00edculo de los nominados.<\/p>\n<p>Los ganadores se dar\u00e1n a conocer en el n\u00famero de diciembre de <em>Historia National Geographic.<\/em><\/p>\n<p>Desde el Ayuntamiento de Ciudad Rodrigo y desde la delegaci\u00f3n de Comunicaci\u00f3n, que encabeza Joana Veloso, <strong>animamos a todos los mirobrigenses y a aquellas personas que han tenido la oportunidad de conocer nuestra ciudad<\/strong> y recinto abaluartado a que nos voten como \u201cmejor conservaci\u00f3n de casco hist\u00f3rico amuralla\u201d.<\/p>\n","protected":false},"excerpt":{"rendered":"<p>La revista Historia National Geografic ha seleccionado a Ciudad Rodrigo como nominado en la categor\u00eda \u201cMejor Conservaci\u00f3n del Casco Hist\u00f3rico\u201d en los II Premios de los Lectores \u201c+Historia\u201d, patrocinados por el Ayuntamiento de C\u00f3rdoba y C\u00f3rdoba es M\u00e1s. La delegada de Comunicaci\u00f3n en el Ayuntamiento de Ciudad Rodrigo, Joana Veloso, ha agradecido a la revista [&hellip;]<\/p>\n","protected":false},"author":11,"featured_media":20677,"comment_status":"closed","ping_status":"closed","sticky":false,"template":"","format":"standard","meta":{"footnotes":""},"categories":[141,391,147],"tags":[],"class_list":["post-20675","post","type-post","status-publish","format-standard","has-post-thumbnail","hentry","category-actualidad","category-comunicacion","category-destacados"],"_links":{"self":[{"href":"https:\/\/www.ciudadrodrigo.es\/ayuntamiento\/wp-json\/wp\/v2\/posts\/20675","targetHints":{"allow":["GET"]}}],"collection":[{"href":"https:\/\/www.ciudadrodrigo.es\/ayuntamiento\/wp-json\/wp\/v2\/posts"}],"about":[{"href":"https:\/\/www.ciudadrodrigo.es\/ayuntamiento\/wp-json\/wp\/v2\/types\/post"}],"author":[{"embeddable":true,"href":"https:\/\/www.ciudadrodrigo.es\/ayuntamiento\/wp-json\/wp\/v2\/users\/11"}],"replies":[{"embeddable":true,"href":"https:\/\/www.ciudadrodrigo.es\/ayuntamiento\/wp-json\/wp\/v2\/comments?post=20675"}],"version-history":[{"count":2,"href":"https:\/\/www.ciudadrodrigo.es\/ayuntamiento\/wp-json\/wp\/v2\/posts\/20675\/revisions"}],"predecessor-version":[{"id":20772,"href":"https:\/\/www.ciudadrodrigo.es\/ayuntamiento\/wp-json\/wp\/v2\/posts\/20675\/revisions\/20772"}],"wp:featuredmedia":[{"embeddable":true,"href":"https:\/\/www.ciudadrodrigo.es\/ayuntamiento\/wp-json\/wp\/v2\/media\/20677"}],"wp:attachment":[{"href":"https:\/\/www.ciudadrodrigo.es\/ayuntamiento\/wp-json\/wp\/v2\/media?parent=20675"}],"wp:term":[{"taxonomy":"category","embeddable":true,"href":"https:\/\/www.ciudadrodrigo.es\/ayuntamiento\/wp-json\/wp\/v2\/categories?post=20675"},{"taxonomy":"post_tag","embeddable":true,"href":"https:\/\/www.ciudadrodrigo.es\/ayuntamiento\/wp-json\/wp\/v2\/tags?post=20675"}],"curies":[{"name":"wp","href":"https:\/\/api.w.org\/{rel}","templated":true}]}}