{"id":20851,"date":"2025-09-05T13:01:47","date_gmt":"2025-09-05T11:01:47","guid":{"rendered":"https:\/\/www.ciudadrodrigo.es\/ayuntamiento\/?p=20851"},"modified":"2025-09-05T13:01:47","modified_gmt":"2025-09-05T11:01:47","slug":"exposicion-del-xli-certamen-de-artes-plasticas-celso-lagar","status":"publish","type":"post","link":"https:\/\/www.ciudadrodrigo.es\/ayuntamiento\/exposicion-del-xli-certamen-de-artes-plasticas-celso-lagar\/","title":{"rendered":"Exposici\u00f3n del XLI Certamen de Artes Pl\u00e1sticas \u201cCelso Lagar\u201d"},"content":{"rendered":"<p>El Ayuntamiento de Ciudad Rodrigo a trav\u00e9s de la concejal\u00eda de Cultura y Patrimonio, que encabeza Bel\u00e9n Barco, ha abierto la exposici\u00f3n de las obras presentadas al XLI Certamen de Artes Pl\u00e1sticas \u201cCelso Lagar\u201d convocado con el prop\u00f3sito de fomentar la creaci\u00f3n art\u00edstica en el \u00e1mbito de las artes pl\u00e1sticas.<\/p>\n<p>En esta nueva edici\u00f3n del certamen participan 24 cuadros, con un m\u00e1ximo de dos originales por autor que ser\u00e1n valorados por el jurado nombrado al efecto y presidido por el alcalde, Marcos Iglesias, el pr\u00f3ximo d\u00eda 15, d\u00e1ndose a conocer este mismo acto el premio y acc\u00e9sit, si as\u00ed se considera.<\/p>\n<p>Este certamen est\u00e1 dotado con un premio de 3.000,00 \u20ac y un acc\u00e9sit de 380,00 \u20ac.<\/p>\n","protected":false},"excerpt":{"rendered":"<p>El Ayuntamiento de Ciudad Rodrigo a trav\u00e9s de la concejal\u00eda de Cultura y Patrimonio, que encabeza Bel\u00e9n Barco, ha abierto la exposici\u00f3n de las obras presentadas al XLI Certamen de Artes Pl\u00e1sticas \u201cCelso Lagar\u201d convocado con el prop\u00f3sito de fomentar la creaci\u00f3n art\u00edstica en el \u00e1mbito de las artes pl\u00e1sticas. En esta nueva edici\u00f3n del [&hellip;]<\/p>\n","protected":false},"author":11,"featured_media":20853,"comment_status":"closed","ping_status":"closed","sticky":false,"template":"","format":"standard","meta":{"footnotes":""},"categories":[141,368,147],"tags":[],"class_list":["post-20851","post","type-post","status-publish","format-standard","has-post-thumbnail","hentry","category-actualidad","category-cultura","category-destacados"],"_links":{"self":[{"href":"https:\/\/www.ciudadrodrigo.es\/ayuntamiento\/wp-json\/wp\/v2\/posts\/20851","targetHints":{"allow":["GET"]}}],"collection":[{"href":"https:\/\/www.ciudadrodrigo.es\/ayuntamiento\/wp-json\/wp\/v2\/posts"}],"about":[{"href":"https:\/\/www.ciudadrodrigo.es\/ayuntamiento\/wp-json\/wp\/v2\/types\/post"}],"author":[{"embeddable":true,"href":"https:\/\/www.ciudadrodrigo.es\/ayuntamiento\/wp-json\/wp\/v2\/users\/11"}],"replies":[{"embeddable":true,"href":"https:\/\/www.ciudadrodrigo.es\/ayuntamiento\/wp-json\/wp\/v2\/comments?post=20851"}],"version-history":[{"count":1,"href":"https:\/\/www.ciudadrodrigo.es\/ayuntamiento\/wp-json\/wp\/v2\/posts\/20851\/revisions"}],"predecessor-version":[{"id":20854,"href":"https:\/\/www.ciudadrodrigo.es\/ayuntamiento\/wp-json\/wp\/v2\/posts\/20851\/revisions\/20854"}],"wp:featuredmedia":[{"embeddable":true,"href":"https:\/\/www.ciudadrodrigo.es\/ayuntamiento\/wp-json\/wp\/v2\/media\/20853"}],"wp:attachment":[{"href":"https:\/\/www.ciudadrodrigo.es\/ayuntamiento\/wp-json\/wp\/v2\/media?parent=20851"}],"wp:term":[{"taxonomy":"category","embeddable":true,"href":"https:\/\/www.ciudadrodrigo.es\/ayuntamiento\/wp-json\/wp\/v2\/categories?post=20851"},{"taxonomy":"post_tag","embeddable":true,"href":"https:\/\/www.ciudadrodrigo.es\/ayuntamiento\/wp-json\/wp\/v2\/tags?post=20851"}],"curies":[{"name":"wp","href":"https:\/\/api.w.org\/{rel}","templated":true}]}}