{"id":21128,"date":"2025-10-24T11:17:10","date_gmt":"2025-10-24T09:17:10","guid":{"rendered":"https:\/\/www.ciudadrodrigo.es\/ayuntamiento\/?p=21128"},"modified":"2026-03-16T11:30:48","modified_gmt":"2026-03-16T10:30:48","slug":"1-plaza-de-tecnico-de-gestion-por-promocion-interna","status":"publish","type":"post","link":"https:\/\/www.ciudadrodrigo.es\/ayuntamiento\/1-plaza-de-tecnico-de-gestion-por-promocion-interna\/","title":{"rendered":"1 plaza de T\u00e9cnico de Gesti\u00f3n por promoci\u00f3n interna"},"content":{"rendered":"<p><strong>R\u00c9GIMEN<\/strong>: funcionario de carrera<br \/>\n<strong>SISTEMA DE SELECCI\u00d3N<\/strong>: promoci\u00f3n interna.<br \/>\n<strong>PUBLICACI\u00d3N BOP<\/strong>:\u00a0 \u00a0<a href=\"https:\/\/sede.diputaciondesalamanca.gob.es\/documentacion\/bop\/2025\/20251030\/BOP-SA-20251030-008.pdf\" target=\"_blank\" rel=\"noopener\">30\/10\/2025<\/a><br \/>\n<strong>PUBLICACI\u00d3N BOCYL<\/strong>:\u00a0\u00a0<a href=\"https:\/\/bocyl.jcyl.es\/boletines\/2025\/10\/24\/pdf\/BOCYL-D-24102025-34.pdf\" target=\"_blank\" rel=\"noopener\">24\/10\/2025.\u00a0<\/a><br \/>\n<strong>Correcci\u00f3n de errores BOCYL:\u00a0 <\/strong><a href=\"https:\/\/bocyl.jcyl.es\/boletines\/2025\/10\/29\/pdf\/BOCYL-D-29102025-34.pdf\" target=\"_blank\" rel=\"noopener\">29\/10\/2025<\/a><strong><br \/>\nPUBLICACI\u00d3N BOE<\/strong>:\u00a0 \u00a0<a href=\"https:\/\/www.boe.es\/boe\/dias\/2025\/11\/08\/pdfs\/BOE-A-2025-22632.pdf\" target=\"_blank\" rel=\"noopener\">08\/11\/2025<\/a><br \/>\n<strong>PRESENTACI\u00d3N DE SOLICITUDES<\/strong>: 20 d\u00edas h\u00e1biles, a contar desde el siguiente al de la publicaci\u00f3n en extracto en el BOE. Plazo hasta el 05\/12\/2025<\/p>\n<p><strong><span style=\"text-decoration: underline;\">LISTADO PROVISIONAL DE ADMITIDOS Y EXCLUIDOS<\/span><\/strong><br \/>\nPublicaci\u00f3n BOP: <a href=\"https:\/\/sede.diputaciondesalamanca.gob.es\/documentacion\/bop\/2025\/20251218\/BOP-SA-20251218-005.pdf\" target=\"_blank\" rel=\"noopener\">18\/12\/2025<\/a><\/p>\n<p><strong><span style=\"text-decoration: underline;\">LISTADO DEFINITIVO DE ADMITIDOS Y EXCLUIDOS<\/span><\/strong>:<br \/>\nPublicaci\u00f3n BOP:\u00a0 <a href=\"https:\/\/sede.diputaciondesalamanca.gob.es\/documentacion\/bop\/2026\/20260205\/BOP-SA-20260205-011.pdf\" target=\"_blank\" rel=\"noopener\">05\/02\/2026<\/a><\/p>\n<p><strong><span style=\"text-decoration: underline;\">ANUNCIO BAREMACI\u00d3N FASE CONCURSO Y CONVOCATORIA FASE OPOSICI\u00d3N<\/span><\/strong>: Descargar de documentos adjuntos.<br \/>\n<strong><span style=\"text-decoration: underline;\">HOJA PROVISIONAL DE RESPUESTAS PRIMER EJERCICIO<\/span><\/strong>: Descargar de documentos adjuntos.<\/p>\n<p><strong><span style=\"text-decoration: underline;\">ANUNCIO NOTAS FASE DE OPOSICI\u00d3N Y PROPUESTA DE NOMBRAMIENTO<\/span><\/strong>: Descargar de documentos adjuntos.<\/p>\n<p><span style=\"text-decoration: underline;\"><strong>DOCUMENTOS<\/strong><\/span>:<\/p>\n<table style=\"border-collapse: collapse; width: 39.5939%; height: 26px;\" border=\"1\">\n<tbody>\n<tr>\n<td style=\"width: 10.0612%;\"><img loading=\"lazy\" decoding=\"async\" class=\"alignnone size-full wp-image-2515\" src=\"https:\/\/www.ciudadrodrigo.es\/ayuntamiento\/wp-content\/uploads\/2018\/04\/iconoDescargaPdf.png\" alt=\"\" width=\"30\" height=\"30\" \/><\/td>\n<td style=\"width: 89.9388%;\">\u00a0<a href=\"https:\/\/www.ciudadrodrigo.es\/ayuntamiento\/wp-content\/uploads\/2025\/10\/BASES-DE-LA-CONVOCATORIA.pdf\" target=\"_blank\" rel=\"noopener\">BASES DE LA CONVOCATORIA<\/a><\/td>\n<\/tr>\n<tr>\n<td style=\"width: 10.0612%;\"><img loading=\"lazy\" decoding=\"async\" class=\"alignnone size-full wp-image-2515\" src=\"https:\/\/www.ciudadrodrigo.es\/ayuntamiento\/wp-content\/uploads\/2018\/04\/iconoDescargaPdf.png\" alt=\"\" width=\"30\" height=\"30\" \/><\/td>\n<td style=\"width: 89.9388%;\"><a href=\"https:\/\/www.ciudadrodrigo.es\/ayuntamiento\/wp-content\/uploads\/2025\/10\/Anuncio-baremacion-concurso-y-convocatoria-primer-y-segundo-ejercicio-de-la-fase-de-oposicion-del-proceso-selectivo-de-una-plaza-de-Tecnico-de-Gestion-por-promocion-interna.pdf\" target=\"_blank\" rel=\"noopener\">ANUNCIO BAREMACI\u00d3N FASE CONCURSO Y CONVOCATORIA FASE OPOSICI\u00d3N<\/a><\/td>\n<\/tr>\n<tr>\n<td style=\"width: 10.0612%;\"><img loading=\"lazy\" decoding=\"async\" class=\"alignnone size-full wp-image-2515\" src=\"https:\/\/www.ciudadrodrigo.es\/ayuntamiento\/wp-content\/uploads\/2018\/04\/iconoDescargaPdf.png\" alt=\"\" width=\"30\" height=\"30\" \/><\/td>\n<td style=\"width: 89.9388%;\">\u00a0<a href=\"https:\/\/www.ciudadrodrigo.es\/ayuntamiento\/wp-content\/uploads\/2025\/10\/20260312131552554.pdf\" target=\"_blank\" rel=\"noopener\">HOJA PROVISIONAL DE RESPUESTAS PRIMER EJERCICIO<\/a><\/td>\n<\/tr>\n<tr>\n<td style=\"width: 10.0612%;\"><img loading=\"lazy\" decoding=\"async\" class=\"alignnone size-full wp-image-2515\" src=\"https:\/\/www.ciudadrodrigo.es\/ayuntamiento\/wp-content\/uploads\/2018\/04\/iconoDescargaPdf.png\" alt=\"\" width=\"30\" height=\"30\" \/><\/td>\n<td style=\"width: 89.9388%;\">\u00a0<a href=\"https:\/\/www.ciudadrodrigo.es\/ayuntamiento\/wp-content\/uploads\/2025\/10\/Anuncio-notas-fase-oposicion-y-propuesta-de-nombramiento.doc.pdf\" target=\"_blank\" rel=\"noopener\">ANUNCIO NOTAS FASE DE OPOSICI\u00d3N Y PROPUESTA DE NOMBRAMIENTO<\/a><\/td>\n<\/tr>\n<\/tbody>\n<\/table>\n<p>&nbsp;<\/p>\n","protected":false},"excerpt":{"rendered":"<p>R\u00c9GIMEN: funcionario de carrera SISTEMA DE SELECCI\u00d3N: promoci\u00f3n interna. PUBLICACI\u00d3N BOP:\u00a0 \u00a030\/10\/2025 PUBLICACI\u00d3N BOCYL:\u00a0\u00a024\/10\/2025.\u00a0 Correcci\u00f3n de errores BOCYL:\u00a0 29\/10\/2025 PUBLICACI\u00d3N BOE:\u00a0 \u00a008\/11\/2025 PRESENTACI\u00d3N DE SOLICITUDES: 20 d\u00edas h\u00e1biles, a contar desde el siguiente al de la publicaci\u00f3n en extracto en el BOE. Plazo hasta el 05\/12\/2025 LISTADO PROVISIONAL DE ADMITIDOS Y EXCLUIDOS Publicaci\u00f3n BOP: 18\/12\/2025 [&hellip;]<\/p>\n","protected":false},"author":4,"featured_media":0,"comment_status":"closed","ping_status":"closed","sticky":false,"template":"","format":"standard","meta":{"footnotes":""},"categories":[150],"tags":[],"class_list":["post-21128","post","type-post","status-publish","format-standard","hentry","category-convocatorias-de-empleo-publico"],"_links":{"self":[{"href":"https:\/\/www.ciudadrodrigo.es\/ayuntamiento\/wp-json\/wp\/v2\/posts\/21128","targetHints":{"allow":["GET"]}}],"collection":[{"href":"https:\/\/www.ciudadrodrigo.es\/ayuntamiento\/wp-json\/wp\/v2\/posts"}],"about":[{"href":"https:\/\/www.ciudadrodrigo.es\/ayuntamiento\/wp-json\/wp\/v2\/types\/post"}],"author":[{"embeddable":true,"href":"https:\/\/www.ciudadrodrigo.es\/ayuntamiento\/wp-json\/wp\/v2\/users\/4"}],"replies":[{"embeddable":true,"href":"https:\/\/www.ciudadrodrigo.es\/ayuntamiento\/wp-json\/wp\/v2\/comments?post=21128"}],"version-history":[{"count":12,"href":"https:\/\/www.ciudadrodrigo.es\/ayuntamiento\/wp-json\/wp\/v2\/posts\/21128\/revisions"}],"predecessor-version":[{"id":22936,"href":"https:\/\/www.ciudadrodrigo.es\/ayuntamiento\/wp-json\/wp\/v2\/posts\/21128\/revisions\/22936"}],"wp:attachment":[{"href":"https:\/\/www.ciudadrodrigo.es\/ayuntamiento\/wp-json\/wp\/v2\/media?parent=21128"}],"wp:term":[{"taxonomy":"category","embeddable":true,"href":"https:\/\/www.ciudadrodrigo.es\/ayuntamiento\/wp-json\/wp\/v2\/categories?post=21128"},{"taxonomy":"post_tag","embeddable":true,"href":"https:\/\/www.ciudadrodrigo.es\/ayuntamiento\/wp-json\/wp\/v2\/tags?post=21128"}],"curies":[{"name":"wp","href":"https:\/\/api.w.org\/{rel}","templated":true}]}}