{"id":21412,"date":"2025-11-13T16:57:35","date_gmt":"2025-11-13T15:57:35","guid":{"rendered":"https:\/\/www.ciudadrodrigo.es\/ayuntamiento\/?p=21412"},"modified":"2025-11-14T08:59:30","modified_gmt":"2025-11-14T07:59:30","slug":"jornadas-de-revitalizacion-comercial-del-espacio-rayano-fortificado","status":"publish","type":"post","link":"https:\/\/www.ciudadrodrigo.es\/ayuntamiento\/jornadas-de-revitalizacion-comercial-del-espacio-rayano-fortificado\/","title":{"rendered":"Jornadas de Revitalizaci\u00f3n Comercial del Espacio Rayano Fortificado"},"content":{"rendered":"<p>Expertos de ambos lados de La Raya de Espa\u00f1a y Portugal participan desde hoy en las I Jornadas de Revitalizaci\u00f3n Comercial del Espacio Rayano Fortificado abiertas por el alcalde de Ciudad Rodrigo, Marcos Iglesias, acompa\u00f1ado por el presidente de la C\u00e1mara municipal de Almeida, Antonio Machado, y el presidente de Afecir, David Bernal.<\/p>\n<p>Organizadas por el Ayuntamiento desde la delegaci\u00f3n de Comercio que gestiona Paola Mart\u00edn Mu\u00f1oz, en colaboraci\u00f3n con Afecir y dentro del proyecto de cooperaci\u00f3n con Portugal para la promoci\u00f3n del espacio rayano fortificado financiado con fondos Europeos del programa Interreg, en el arranque de las jornadas el alcalde mirobrigense, Marcos Iglesias, ha destacado la necesidad de este encuentro \u201cpara hacernos reflexionar y pensar sobre el gran potencial que tiene la zona fronteriza en la que nos encontramos\u201d.<\/p>\n<p>En este sentido, Marcos Iglesias ha se\u00f1alado que \u201ctrabajamos conjuntamente con Portugal por conseguir la declaraci\u00f3n de Patrimonio Mundial para las fortificaciones de frontera\u201d, afirmando que \u201cdebemos aprender a dinamizar entre todos nuestros conjuntos hist\u00f3ricos, para lo que es obligado la colaboraci\u00f3n p\u00fablico privada como ya se est\u00e1 viendo en distintas acciones lanzadas entre el Ayuntamiento y los empresarios y comerciantes o con las asociaciones, como en el caso de \u00e9xito de la Feria Medieval y Rodericus\u201d.<\/p>\n<p>Marcos Iglesias plante\u00f3 una serie de debates para estas jornadas \u201cen los que analizar y buscar salidas a las problem\u00e1ticas de la falta de relevo generacional, incluso de negocios que funcionan; o la atracci\u00f3n de nuevos pobladores\u201d, temas en lo que desde el Ayuntamiento de Ciudad Rodrigo \u201cya estamos trabajando con nuevas estrategias de dinamizaci\u00f3n comercial en colaboraci\u00f3n con Afecir, en promoci\u00f3n del turismo, en la creaci\u00f3n de suelo industrial; en la apertura de un Centro de Innovaci\u00f3n Social, en definitiva, en el futuro de Ciudad Rodrigo\u201d.<\/p>\n<p>Una sesi\u00f3n inaugural en la que tom\u00f3 la palabra el Doctor en Geograf\u00eda de la Universidad de Salamanca Alfonso Hortelano con la conferencia \u201cEl Comercio y la Historia\u201d, y la conferencia sobre \u00abTurismo y Comercio: Sinergias en el Espacio Rayano\u00bb, en la que ofrecida por Eva Lahuerta, Profesora titular de marketing en la Facultad de Econom\u00eda y Empresa de la Universidad de Salamanca.<\/p>\n<p>La sesi\u00f3n de tarde arranc\u00f3 con la participaci\u00f3n del historiador mirobrigense Carlos Garc\u00eda Medina, presentado por el alcalde, Marcos Iglesias, que se refiri\u00f3 a \u00abEl comercio en el Espacio Rayano\u00bb, para finalizar la primera jornada con la mesa redonda moderada por el t\u00e9cnico municipal de Comercio, Rub\u00e9n Guill\u00e9n, sobre \u00abRevitalizaci\u00f3n Comercial: Retos y Soluciones para el Espacio Rayano\u00bb, con la participaci\u00f3n de Nazaret Blanco (Centro Privado de Formaci\u00f3n Profesional Nazaret Blanco); Gonzalo Gonz\u00e1lez (Ferreter\u00eda Sertorio); Dalila D\u00edas (Rede de Aldeias Hist\u00f3ricas do Portugal) y Vicenta \u00c1lvarez y Yolanda Cambronero (Asociaci\u00f3n Vida en La Raya).<\/p>\n<p>Las jornadas de dinamizaci\u00f3n comercial contin\u00faan el viernes en el Parador de Ciudad Rodrigo con libre asistencia.<\/p>\n","protected":false},"excerpt":{"rendered":"<p>Expertos de ambos lados de La Raya de Espa\u00f1a y Portugal participan desde hoy en las I Jornadas de Revitalizaci\u00f3n Comercial del Espacio Rayano Fortificado abiertas por el alcalde de Ciudad Rodrigo, Marcos Iglesias, acompa\u00f1ado por el presidente de la C\u00e1mara municipal de Almeida, Antonio Machado, y el presidente de Afecir, David Bernal. Organizadas por [&hellip;]<\/p>\n","protected":false},"author":11,"featured_media":0,"comment_status":"closed","ping_status":"closed","sticky":false,"template":"","format":"gallery","meta":{"footnotes":""},"categories":[141,371,147],"tags":[],"class_list":["post-21412","post","type-post","status-publish","format-gallery","hentry","category-actualidad","category-comercio-actualidad","category-destacados","post_format-post-format-gallery"],"_links":{"self":[{"href":"https:\/\/www.ciudadrodrigo.es\/ayuntamiento\/wp-json\/wp\/v2\/posts\/21412","targetHints":{"allow":["GET"]}}],"collection":[{"href":"https:\/\/www.ciudadrodrigo.es\/ayuntamiento\/wp-json\/wp\/v2\/posts"}],"about":[{"href":"https:\/\/www.ciudadrodrigo.es\/ayuntamiento\/wp-json\/wp\/v2\/types\/post"}],"author":[{"embeddable":true,"href":"https:\/\/www.ciudadrodrigo.es\/ayuntamiento\/wp-json\/wp\/v2\/users\/11"}],"replies":[{"embeddable":true,"href":"https:\/\/www.ciudadrodrigo.es\/ayuntamiento\/wp-json\/wp\/v2\/comments?post=21412"}],"version-history":[{"count":3,"href":"https:\/\/www.ciudadrodrigo.es\/ayuntamiento\/wp-json\/wp\/v2\/posts\/21412\/revisions"}],"predecessor-version":[{"id":21429,"href":"https:\/\/www.ciudadrodrigo.es\/ayuntamiento\/wp-json\/wp\/v2\/posts\/21412\/revisions\/21429"}],"wp:attachment":[{"href":"https:\/\/www.ciudadrodrigo.es\/ayuntamiento\/wp-json\/wp\/v2\/media?parent=21412"}],"wp:term":[{"taxonomy":"category","embeddable":true,"href":"https:\/\/www.ciudadrodrigo.es\/ayuntamiento\/wp-json\/wp\/v2\/categories?post=21412"},{"taxonomy":"post_tag","embeddable":true,"href":"https:\/\/www.ciudadrodrigo.es\/ayuntamiento\/wp-json\/wp\/v2\/tags?post=21412"}],"curies":[{"name":"wp","href":"https:\/\/api.w.org\/{rel}","templated":true}]}}