{"id":21453,"date":"2025-11-14T13:57:51","date_gmt":"2025-11-14T12:57:51","guid":{"rendered":"https:\/\/www.ciudadrodrigo.es\/ayuntamiento\/?p=21453"},"modified":"2025-12-26T12:20:40","modified_gmt":"2025-12-26T11:20:40","slug":"eleccion-de-cinco-personas-dentro-programa-de-primera-experiencia-profesional-en-las-administraciones-publicas-regulada-en-la-orden-iem-1113-2024-de-24-de-octubre-por-la-que-se-establecen-las-bases","status":"publish","type":"post","link":"https:\/\/www.ciudadrodrigo.es\/ayuntamiento\/eleccion-de-cinco-personas-dentro-programa-de-primera-experiencia-profesional-en-las-administraciones-publicas-regulada-en-la-orden-iem-1113-2024-de-24-de-octubre-por-la-que-se-establecen-las-bases\/","title":{"rendered":"Selecci\u00f3n de cinco personas, dentro programa de primera experiencia profesional en las administraciones p\u00fablicas regulada en la ORDEN IEM\/1113\/2024, de 24 de octubre, por la que se establecen las bases reguladoras para la concesi\u00f3n de subvenciones p\u00fablicas"},"content":{"rendered":"<p><strong>TIPO DE CONTRATO<\/strong>: contrato formativo para la obtenci\u00f3n de la pr\u00e1ctica profesional (contrato en pr\u00e1cticas).<br \/>\n<strong>DURACI\u00d3N DEL CONTRATO<\/strong>: 1 a\u00f1o a jornada completa.<br \/>\n<strong>HORARIO<\/strong>: De lunes a viernes de 7:30 a 15:00 horas.<br \/>\n<strong>TITULACI\u00d3N REQUERIDA<\/strong>:La titulaci\u00f3n requerida ser\u00e1:<\/p>\n<ul>\n<li>1 T\u00c9CNICO DE MEDIOAMBIENTE: GRADO EN CIENCIAS AMBIENTALES O EQUIVALENTE<\/li>\n<li>2 T\u00c9CNICO DE GESTI\u00d3N: GRADO EN DERECHO\/GRADO EN CIENCIAS ECON\u00d3MICAS\/GRADO EN CIENCIAS POL\u00cdTICAS Y DE LA ADMINISTRACI\u00d3N O EQUIVALENTE<\/li>\n<li>1 T\u00c9CNICO DE COMERCIO: GRADO EN COMERCIO Y MARKETING\/GRADO EN DERECHO\/GRADO EN CIENCIAS ECON\u00d3MICAS O EQUIVALENTE<\/li>\n<li>1 T\u00c9CNICO DE COMUNICACI\u00d3N: GRADO EN CIENCIAS DE LA COMUNICACI\u00d3N\/PERIODISMO O EQUIVALENTE<\/li>\n<\/ul>\n<p><strong>PROCEDIMIENTO DE SELECCI\u00d3N<\/strong>: Oferta gen\u00e9rica al ECYL, solicitando tres personas por puesto, y posterior proceso de selecci\u00f3n seg\u00fan bases<br \/>\nP<strong>LAZO PRESENTACI\u00d3N CURRICULUM VITAE JUSTIFICADO:<\/strong> El establecido en la carta enviada por el ECYL El <strong><span style=\"text-decoration: underline;\">05\/12\/2025<\/span><\/strong><br \/>\nLa preselecci\u00f3n de las personas participantes la har\u00e1 el ECYL\u00a0 entre los siguientes colectivos:<br \/>\n\u2013 J\u00f3venes mayores de 16 a\u00f1os y menores de 30 a\u00f1os,<br \/>\n\u2013 Estudios espec\u00edficos relacionados con la materia a desarrollar.<br \/>\n\u2013 Cumplir con lo dispuesto en el art\u00edculo 11.1 del texto refundido del Estatuto de los Trabajadores aprobado por Real Decreto Legislativo 2\/2015, de 23 de octubre, para poder formalizar un contrato formativo para la obtenci\u00f3n de la pr\u00e1ctica profesional (contrato en pr\u00e1cticas)<\/p>\n<p><strong>BAREMACI\u00d3N DE M\u00c9RITOS<\/strong>: Descargar de documentos adjuntos. Presentaci\u00f3n de alegaciones hasta el 15\/12\/2025<\/p>\n<p><strong>ESTUDIO ALEGACIONES Y PROPUESTA DE CONTRATACI\u00d3N<\/strong>: Descargar de documentos adjuntos.<\/p>\n<p><span style=\"text-decoration: underline;\"><strong>SEGUNDA CONVOCATORIA:<br \/>\n<\/strong><\/span><strong>BAREMACI\u00d3N DE M\u00c9RITOS: <\/strong>Descargar de documentos adjuntos. Presentaci\u00f3n de alegaciones hasta el 23\/12\/2025<\/p>\n<p><span style=\"text-decoration: underline;\"><strong>RESOLUCI\u00d3N CONTRATACI\u00d3N Y CREACI\u00d3N BOLSA DE EMPLEO<\/strong><\/span>: Descargar de documentos adjuntos.<\/p>\n<p><strong><span style=\"text-decoration: underline;\">DOCUMENTOS<\/span><\/strong>:<\/p>\n<table style=\"border-collapse: collapse; width: 38.1436%; height: 24px;\" border=\"1\">\n<tbody>\n<tr>\n<td style=\"width: 7.79468%;\"><img loading=\"lazy\" decoding=\"async\" class=\"alignnone size-full wp-image-2515\" src=\"https:\/\/www.ciudadrodrigo.es\/ayuntamiento\/wp-content\/uploads\/2018\/04\/iconoDescargaPdf.png\" alt=\"\" width=\"30\" height=\"30\" \/><\/td>\n<td style=\"width: 92.2053%;\">\u00a0<a href=\"https:\/\/www.ciudadrodrigo.es\/ayuntamiento\/wp-content\/uploads\/2025\/11\/20251114_Otros_Bases-de-convocatoria_Bases-que-han-de-regir-la-Convocatoria-y-el-Proceso-de-seleccion-1.pdf\" target=\"_blank\" rel=\"noopener\">BASES DE LA CONVOCATORIA<\/a><\/td>\n<\/tr>\n<tr>\n<td style=\"width: 7.79468%;\"><img loading=\"lazy\" decoding=\"async\" class=\"alignnone size-full wp-image-2515\" src=\"https:\/\/www.ciudadrodrigo.es\/ayuntamiento\/wp-content\/uploads\/2018\/04\/iconoDescargaPdf.png\" alt=\"\" width=\"30\" height=\"30\" \/><\/td>\n<td style=\"width: 92.2053%;\"><a href=\"https:\/\/www.ciudadrodrigo.es\/ayuntamiento\/wp-content\/uploads\/2025\/11\/Anuncio-baremacion-de-meritos-seleccion-ELPEX-2025-2026.pdf\" target=\"_blank\" rel=\"noopener\">BAREMACI\u00d3N DE M\u00c9RITOS<\/a><\/td>\n<\/tr>\n<tr>\n<td style=\"width: 7.79468%;\"><img loading=\"lazy\" decoding=\"async\" class=\"alignnone size-full wp-image-2515\" src=\"https:\/\/www.ciudadrodrigo.es\/ayuntamiento\/wp-content\/uploads\/2018\/04\/iconoDescargaPdf.png\" alt=\"\" width=\"30\" height=\"30\" \/><\/td>\n<td style=\"width: 92.2053%;\"><a href=\"https:\/\/www.ciudadrodrigo.es\/ayuntamiento\/wp-content\/uploads\/2025\/11\/Anuncio-estudio-alegaciones-y-propuesta-de-contratacion-del-proceso-selectivo-ELPEX-2025-2026.pdf\" target=\"_blank\" rel=\"noopener\">ESTUDIO DE ALEGACIONES Y PROPUESTA DE CONTRATACI\u00d3N<\/a><\/td>\n<\/tr>\n<tr>\n<td style=\"width: 7.79468%;\"><img loading=\"lazy\" decoding=\"async\" class=\"alignnone size-full wp-image-2515\" src=\"https:\/\/www.ciudadrodrigo.es\/ayuntamiento\/wp-content\/uploads\/2018\/04\/iconoDescargaPdf.png\" alt=\"\" width=\"30\" height=\"30\" \/><\/td>\n<td style=\"width: 92.2053%;\"><a href=\"https:\/\/www.ciudadrodrigo.es\/ayuntamiento\/wp-content\/uploads\/2025\/11\/Anuncio-baremacion-de-meritos-segunda-convocatoria-ELPEX-2025-2026.pdf\" target=\"_blank\" rel=\"noopener\">BAREMACI\u00d3N DE M\u00c9RITOS SEGUNDA CONVOCATORIA<\/a><\/td>\n<\/tr>\n<tr>\n<td style=\"width: 7.79468%;\"><img loading=\"lazy\" decoding=\"async\" class=\"alignnone size-full wp-image-2515\" src=\"https:\/\/www.ciudadrodrigo.es\/ayuntamiento\/wp-content\/uploads\/2018\/04\/iconoDescargaPdf.png\" alt=\"\" width=\"30\" height=\"30\" \/><\/td>\n<td style=\"width: 92.2053%;\"><a href=\"https:\/\/www.ciudadrodrigo.es\/ayuntamiento\/wp-content\/uploads\/2025\/11\/Resolucion-contratacion-ELPEX-205-2026.pdf\" target=\"_blank\" rel=\"noopener\">RESOLUCI\u00d3N CONTRATACI\u00d3N Y CREACI\u00d3N BOLSA DE EMPLEO<\/a><\/td>\n<\/tr>\n<\/tbody>\n<\/table>\n<p>&nbsp;<\/p>\n","protected":false},"excerpt":{"rendered":"<p>TIPO DE CONTRATO: contrato formativo para la obtenci\u00f3n de la pr\u00e1ctica profesional (contrato en pr\u00e1cticas). DURACI\u00d3N DEL CONTRATO: 1 a\u00f1o a jornada completa. HORARIO: De lunes a viernes de 7:30 a 15:00 horas. TITULACI\u00d3N REQUERIDA:La titulaci\u00f3n requerida ser\u00e1: 1 T\u00c9CNICO DE MEDIOAMBIENTE: GRADO EN CIENCIAS AMBIENTALES O EQUIVALENTE 2 T\u00c9CNICO DE GESTI\u00d3N: GRADO EN DERECHO\/GRADO [&hellip;]<\/p>\n","protected":false},"author":4,"featured_media":0,"comment_status":"closed","ping_status":"closed","sticky":false,"template":"","format":"standard","meta":{"footnotes":""},"categories":[150],"tags":[],"class_list":["post-21453","post","type-post","status-publish","format-standard","hentry","category-convocatorias-de-empleo-publico"],"_links":{"self":[{"href":"https:\/\/www.ciudadrodrigo.es\/ayuntamiento\/wp-json\/wp\/v2\/posts\/21453","targetHints":{"allow":["GET"]}}],"collection":[{"href":"https:\/\/www.ciudadrodrigo.es\/ayuntamiento\/wp-json\/wp\/v2\/posts"}],"about":[{"href":"https:\/\/www.ciudadrodrigo.es\/ayuntamiento\/wp-json\/wp\/v2\/types\/post"}],"author":[{"embeddable":true,"href":"https:\/\/www.ciudadrodrigo.es\/ayuntamiento\/wp-json\/wp\/v2\/users\/4"}],"replies":[{"embeddable":true,"href":"https:\/\/www.ciudadrodrigo.es\/ayuntamiento\/wp-json\/wp\/v2\/comments?post=21453"}],"version-history":[{"count":7,"href":"https:\/\/www.ciudadrodrigo.es\/ayuntamiento\/wp-json\/wp\/v2\/posts\/21453\/revisions"}],"predecessor-version":[{"id":22238,"href":"https:\/\/www.ciudadrodrigo.es\/ayuntamiento\/wp-json\/wp\/v2\/posts\/21453\/revisions\/22238"}],"wp:attachment":[{"href":"https:\/\/www.ciudadrodrigo.es\/ayuntamiento\/wp-json\/wp\/v2\/media?parent=21453"}],"wp:term":[{"taxonomy":"category","embeddable":true,"href":"https:\/\/www.ciudadrodrigo.es\/ayuntamiento\/wp-json\/wp\/v2\/categories?post=21453"},{"taxonomy":"post_tag","embeddable":true,"href":"https:\/\/www.ciudadrodrigo.es\/ayuntamiento\/wp-json\/wp\/v2\/tags?post=21453"}],"curies":[{"name":"wp","href":"https:\/\/api.w.org\/{rel}","templated":true}]}}