{"id":21484,"date":"2025-11-14T19:13:05","date_gmt":"2025-11-14T18:13:05","guid":{"rendered":"https:\/\/www.ciudadrodrigo.es\/ayuntamiento\/?p=21484"},"modified":"2025-11-14T19:13:05","modified_gmt":"2025-11-14T18:13:05","slug":"lleno-en-los-kikiricuentos-en-igualdad","status":"publish","type":"post","link":"https:\/\/www.ciudadrodrigo.es\/ayuntamiento\/lleno-en-los-kikiricuentos-en-igualdad\/","title":{"rendered":"Lleno en los \u201cKikiricuentos\u201d en igualdad"},"content":{"rendered":"<p>Una de las salas de actividades del Espacio i se ha quedado peque\u00f1a para acoger la sesi\u00f3n de Cuentacuentos \u00abKikiricuentos\u00bb presentada por la Delegaci\u00f3n municipal de Igualdad de Oportunidades que gestiona Ana Casta\u00f1o.<\/p>\n<p>Esta iniciativa, incluida dentro del programa de actividades financiadas por el Pacto de Estado contra la Violencia de G\u00e9nero, tiene como objetivo promover la igualdad de g\u00e9nero y el respeto mutuo desde las edades m\u00e1s tempranas, utilizando el poder de los cuentos como herramienta educativa y de sensibilizaci\u00f3n.<\/p>\n","protected":false},"excerpt":{"rendered":"<p>Una de las salas de actividades del Espacio i se ha quedado peque\u00f1a para acoger la sesi\u00f3n de Cuentacuentos \u00abKikiricuentos\u00bb presentada por la Delegaci\u00f3n municipal de Igualdad de Oportunidades que gestiona Ana Casta\u00f1o. Esta iniciativa, incluida dentro del programa de actividades financiadas por el Pacto de Estado contra la Violencia de G\u00e9nero, tiene como objetivo [&hellip;]<\/p>\n","protected":false},"author":11,"featured_media":21485,"comment_status":"closed","ping_status":"closed","sticky":false,"template":"","format":"gallery","meta":{"footnotes":""},"categories":[141,147,378,383],"tags":[],"class_list":["post-21484","post","type-post","status-publish","format-gallery","has-post-thumbnail","hentry","category-actualidad","category-destacados","category-igualdad","category-infancia","post_format-post-format-gallery"],"_links":{"self":[{"href":"https:\/\/www.ciudadrodrigo.es\/ayuntamiento\/wp-json\/wp\/v2\/posts\/21484","targetHints":{"allow":["GET"]}}],"collection":[{"href":"https:\/\/www.ciudadrodrigo.es\/ayuntamiento\/wp-json\/wp\/v2\/posts"}],"about":[{"href":"https:\/\/www.ciudadrodrigo.es\/ayuntamiento\/wp-json\/wp\/v2\/types\/post"}],"author":[{"embeddable":true,"href":"https:\/\/www.ciudadrodrigo.es\/ayuntamiento\/wp-json\/wp\/v2\/users\/11"}],"replies":[{"embeddable":true,"href":"https:\/\/www.ciudadrodrigo.es\/ayuntamiento\/wp-json\/wp\/v2\/comments?post=21484"}],"version-history":[{"count":1,"href":"https:\/\/www.ciudadrodrigo.es\/ayuntamiento\/wp-json\/wp\/v2\/posts\/21484\/revisions"}],"predecessor-version":[{"id":21491,"href":"https:\/\/www.ciudadrodrigo.es\/ayuntamiento\/wp-json\/wp\/v2\/posts\/21484\/revisions\/21491"}],"wp:featuredmedia":[{"embeddable":true,"href":"https:\/\/www.ciudadrodrigo.es\/ayuntamiento\/wp-json\/wp\/v2\/media\/21485"}],"wp:attachment":[{"href":"https:\/\/www.ciudadrodrigo.es\/ayuntamiento\/wp-json\/wp\/v2\/media?parent=21484"}],"wp:term":[{"taxonomy":"category","embeddable":true,"href":"https:\/\/www.ciudadrodrigo.es\/ayuntamiento\/wp-json\/wp\/v2\/categories?post=21484"},{"taxonomy":"post_tag","embeddable":true,"href":"https:\/\/www.ciudadrodrigo.es\/ayuntamiento\/wp-json\/wp\/v2\/tags?post=21484"}],"curies":[{"name":"wp","href":"https:\/\/api.w.org\/{rel}","templated":true}]}}