{"id":21494,"date":"2025-11-15T12:43:16","date_gmt":"2025-11-15T11:43:16","guid":{"rendered":"https:\/\/www.ciudadrodrigo.es\/ayuntamiento\/?p=21494"},"modified":"2025-11-15T12:43:16","modified_gmt":"2025-11-15T11:43:16","slug":"ve-la-luz-la-revista-estudios-mirobrigenses-volumen-xii","status":"publish","type":"post","link":"https:\/\/www.ciudadrodrigo.es\/ayuntamiento\/ve-la-luz-la-revista-estudios-mirobrigenses-volumen-xii\/","title":{"rendered":"Ve la luz la Revista \u00abEstudios Mirobrigenses\u00bb, Volumen XII"},"content":{"rendered":"<p>La delegada de Cultura, Bel\u00e9n Barco, y el presidente del CEM, Jos\u00e9 Ignacio Mart\u00edn Benito, han presentado, con la presencia del teniente de alcalde, Ram\u00f3n Sastre, y el delegado municipal V\u00edctor G\u00f3mez, el Volumen XII de la Revista de Estudios Mirobrigenses.<\/p>\n<p>Con pr\u00f3logo del alcalde, Marcos Iglesias, y editada en colaboraci\u00f3n por el Centro de Estudios Mirobrigenses, el Ayuntamiento de Ciudad Rodrigo y la Diputaci\u00f3n provincial de Salamanca, este d\u00e9cimo segundo volumen de los Estudios Mirobrigenses recoge catorce estudios de otros tantos investigadores adem\u00e1s de las secciones habituales de la Memoria de Actividades 2024 del CEM, entre otras.<\/p>\n<p><strong>\u00cdndice de contenidos:<img loading=\"lazy\" decoding=\"async\" class=\"wp-image-21498 alignright\" src=\"https:\/\/www.ciudadrodrigo.es\/ayuntamiento\/wp-content\/uploads\/2025\/11\/Revista-CEM-XII.jpg\" alt=\"\" width=\"411\" height=\"524\" \/><\/strong><\/p>\n<ul>\n<li><em>Saluda del alcalde,\u00a0<\/em>Marcos Iglesias Caridad<\/li>\n<li><em>\u00a0<\/em><em>Presentaci\u00f3n,\u00a0<\/em>Jos\u00e9 Ignacio Mart\u00edn Benito<\/li>\n<\/ul>\n<p><em>\u00a0<\/em><strong>Secci\u00f3n Estudios<\/strong><\/p>\n<ul>\n<li><em>El final del ciclo art\u00edstico paleol\u00edtico en la Pen\u00ednsula Ib\u00e9rica: expresiones y conceptos,\u00a0<\/em>Carlos V\u00e1zquez Marcos<\/li>\n<li><em>Ampliaci\u00f3n del cat\u00e1logo de v\u00edtores en Ciudad Rodrigo. Nuevos hallazgos,\u00a0<\/em>Pablo Ajenjo-L\u00f3pez<\/li>\n<li><em>El Misterio de los Dolores en la catedral de Ciudad Rodrigo,\u00a0<\/em>Rosal\u00eda Hern\u00e1ndez P\u00e9rez de Burgos<strong>\u00a0<\/strong><\/li>\n<li><em>Las poblaciones salmantinas de La Alberca, Navasfrias y Sotoserrano seg\u00fan el interrogatorio de la Real Audiencia de Extremadura (1791),\u00a0<\/em>Pedro Emilio L\u00f3pez Calvelo<\/li>\n<li><em>\u00a0<\/em><em>La Frontera de Castilla en los planes de invasi\u00f3n de Portugal (1797-1801). Descripciones y reconocimientos militares,\u00a0<\/em>Jos\u00e9 Ignacio Mart\u00edn Benito<\/li>\n<li><em>\u00a0<\/em><em>Los caminos de Ciudad Rodrigo a finales del Antiguo R\u00e9gimen (siglo XVIII)<\/em>,\u00a0Agust\u00edn S\u00e1nchez Rey<\/li>\n<li><em>\u00a0<\/em><em>Obras de emergencia en las murallas de Ciudad Rodrigo en el bienio 2023-2024. Enfoques hist\u00f3rico y arqueol\u00f3gico,\u00a0<\/em>Manuel Carlos Jim\u00e9nez Gonz\u00e1lez y Juan Tom\u00e1s Mu\u00f1oz Garz\u00f3n<\/li>\n<li><em>Venta judicial de edificios de conventos de Ciudad Rodrigo,\u00a0<\/em>Ram\u00f3n Mart\u00edn Rodrigo<\/li>\n<li>La antigua y desaparecida ermita de Nuestra Se\u00f1ora del Arenal en Fuenteguinaldo (1),\u00a0Jos\u00e9 Luis Puerto<\/li>\n<li><em>Las oposiciones del m\u00fasico mirobrigenses D\u00e1maso Ledesma,\u00a0<\/em>Josefa Montero Garc\u00eda<\/li>\n<li><em>Estanislao Mat\u00edas de Dios L\u00f3pez (1873-1929),\u00a0<\/em>Tom\u00e1s Dom\u00ednguez Cid<\/li>\n<li><em>Una tierra de leyenda. Las Hurdes desde Ciudad Rodrigo: Restauraci\u00f3n con herramientas IA de los documentales del viaje de Alfonso XIII (1922) y \u201cTierra sin Pan\u201d de Luis Bu\u00f1uel (1933),\u00a0<\/em>Francisco Javier Morales Pa\u00edno<\/li>\n<li><em>Sud-express<\/em><em> o comboio dos emigrantes. O acidente de Villar de los \u00c1lamos (entre outros), <\/em>Carlos D\u2019Abreu<\/li>\n<li><em>\u00a0<\/em><em>Nuevos tiempos, viejos saberes. La recuperaci\u00f3n etnogr\u00e1fica del saber tradicional en las comarcas de Ciudad Rodrigo y Ledesma (Salamanca) y los Objetivos de Desarrollo Sostenible y Agenda 2030,\u00a0<\/em>Pablo Ajenjo L\u00f3pez, Laura Isabel Montero Garc\u00eda, Alicia de la Puente P\u00e9rez, Kasandra Regadera Llorente<\/li>\n<\/ul>\n<p><strong>\u00a0<\/strong><strong>Secci\u00f3n Varia<\/strong><\/p>\n<ul>\n<li><em>Memoria de actividades 2024,\u00a0<\/em>Centro de Estudios Mirobrigense<\/li>\n<li>Recensiones<\/li>\n<li>Normas para la publicaci\u00f3n de art\u00edculos en Estudios Mirobrigenses<\/li>\n<li><strong>\u00a0<\/strong>Publicaciones del Centro de Estudios Mirobrigenses<\/li>\n<\/ul>\n","protected":false},"excerpt":{"rendered":"<p>La delegada de Cultura, Bel\u00e9n Barco, y el presidente del CEM, Jos\u00e9 Ignacio Mart\u00edn Benito, han presentado, con la presencia del teniente de alcalde, Ram\u00f3n Sastre, y el delegado municipal V\u00edctor G\u00f3mez, el Volumen XII de la Revista de Estudios Mirobrigenses. Con pr\u00f3logo del alcalde, Marcos Iglesias, y editada en colaboraci\u00f3n por el Centro de [&hellip;]<\/p>\n","protected":false},"author":11,"featured_media":21495,"comment_status":"closed","ping_status":"closed","sticky":false,"template":"","format":"standard","meta":{"footnotes":""},"categories":[141,368,147],"tags":[],"class_list":["post-21494","post","type-post","status-publish","format-standard","has-post-thumbnail","hentry","category-actualidad","category-cultura","category-destacados"],"_links":{"self":[{"href":"https:\/\/www.ciudadrodrigo.es\/ayuntamiento\/wp-json\/wp\/v2\/posts\/21494","targetHints":{"allow":["GET"]}}],"collection":[{"href":"https:\/\/www.ciudadrodrigo.es\/ayuntamiento\/wp-json\/wp\/v2\/posts"}],"about":[{"href":"https:\/\/www.ciudadrodrigo.es\/ayuntamiento\/wp-json\/wp\/v2\/types\/post"}],"author":[{"embeddable":true,"href":"https:\/\/www.ciudadrodrigo.es\/ayuntamiento\/wp-json\/wp\/v2\/users\/11"}],"replies":[{"embeddable":true,"href":"https:\/\/www.ciudadrodrigo.es\/ayuntamiento\/wp-json\/wp\/v2\/comments?post=21494"}],"version-history":[{"count":2,"href":"https:\/\/www.ciudadrodrigo.es\/ayuntamiento\/wp-json\/wp\/v2\/posts\/21494\/revisions"}],"predecessor-version":[{"id":21499,"href":"https:\/\/www.ciudadrodrigo.es\/ayuntamiento\/wp-json\/wp\/v2\/posts\/21494\/revisions\/21499"}],"wp:featuredmedia":[{"embeddable":true,"href":"https:\/\/www.ciudadrodrigo.es\/ayuntamiento\/wp-json\/wp\/v2\/media\/21495"}],"wp:attachment":[{"href":"https:\/\/www.ciudadrodrigo.es\/ayuntamiento\/wp-json\/wp\/v2\/media?parent=21494"}],"wp:term":[{"taxonomy":"category","embeddable":true,"href":"https:\/\/www.ciudadrodrigo.es\/ayuntamiento\/wp-json\/wp\/v2\/categories?post=21494"},{"taxonomy":"post_tag","embeddable":true,"href":"https:\/\/www.ciudadrodrigo.es\/ayuntamiento\/wp-json\/wp\/v2\/tags?post=21494"}],"curies":[{"name":"wp","href":"https:\/\/api.w.org\/{rel}","templated":true}]}}