{"id":21503,"date":"2025-11-17T09:27:54","date_gmt":"2025-11-17T08:27:54","guid":{"rendered":"https:\/\/www.ciudadrodrigo.es\/ayuntamiento\/?p=21503"},"modified":"2025-11-17T09:41:01","modified_gmt":"2025-11-17T08:41:01","slug":"jornada-sobre-verifactu-y-kit-digital","status":"publish","type":"post","link":"https:\/\/www.ciudadrodrigo.es\/ayuntamiento\/jornada-sobre-verifactu-y-kit-digital\/","title":{"rendered":"Jornada sobre Verifactu y Kit Digital"},"content":{"rendered":"<div class=\"\" data-block=\"true\" data-editor=\"10si0\" data-offset-key=\"f2g2u-0-0\"><\/div>\n<div class=\"\" data-block=\"true\" data-editor=\"10si0\" data-offset-key=\"7mngj-0-0\">\n<div class=\"_1mf _1mj\" data-offset-key=\"7mngj-0-0\">La C\u00e1mara de Comercio de Salamanca, con la colaboraci\u00f3n del Ayuntamiento de Ciudad Rodrigo ofrece este jueves una jornada gratuita sobre \u00abC\u00f3mo cumplir con Verifactu Empresas y Aut\u00f3nomos &#8211; Kit Digital\u00bb, ofrecida por el ponente Mart\u00edn Gil.<\/div>\n<\/div>\n<div class=\"\" data-block=\"true\" data-editor=\"10si0\" data-offset-key=\"77ksb-0-0\">\n<div class=\"_1mf _1mj\" data-offset-key=\"77ksb-0-0\">\ud83d\udcc6Jueves, 20-noviembre-2025<\/div>\n<p><img loading=\"lazy\" decoding=\"async\" class=\"wp-image-21506 alignright\" src=\"https:\/\/www.ciudadrodrigo.es\/ayuntamiento\/wp-content\/uploads\/2025\/11\/Sin-titulo-1-1024x683.jpg\" alt=\"\" width=\"449\" height=\"344\" \/><\/p>\n<\/div>\n<div class=\"\" data-block=\"true\" data-editor=\"10si0\" data-offset-key=\"a8jf0-0-0\">\n<div class=\"_1mf _1mj\" data-offset-key=\"a8jf0-0-0\"><span data-offset-key=\"a8jf0-0-0\">\ud83d\udd64De 9:30 a 11:30 horas<\/span><\/div>\n<\/div>\n<div class=\"\" data-block=\"true\" data-editor=\"10si0\" data-offset-key=\"5spgi-0-0\">\n<div class=\"_1mf _1mj\" data-offset-key=\"5spgi-0-0\"><span data-offset-key=\"5spgi-0-0\">\ud83d\udccdEdificio Uned, Calle San Fernando, 26<\/span><\/div>\n<\/div>\n<div class=\"\" data-block=\"true\" data-editor=\"10si0\" data-offset-key=\"35q6d-0-0\">\n<div class=\"_1mf _1mj\" data-offset-key=\"35q6d-0-0\"><span data-offset-key=\"35q6d-0-0\">Ciudad Rodrigo<\/span><\/div>\n<div data-offset-key=\"35q6d-0-0\"><\/div>\n<\/div>\n<div class=\"\" data-block=\"true\" data-editor=\"10si0\" data-offset-key=\"98khs-0-0\">\n<div class=\"_1mf _1mj\" data-offset-key=\"98khs-0-0\"><a href=\"https:\/\/forms.gle\/qRvBhvW7BZobWvrM9\" target=\"_blank\" rel=\"noopener\"><span data-offset-key=\"98khs-0-0\">Inscripciones<\/span><\/a><\/div>\n<\/div>\n<div class=\"\" data-block=\"true\" data-editor=\"10si0\" data-offset-key=\"8q33s-0-0\">\n<div class=\"_1mf _1mj\" data-offset-key=\"8q33s-0-0\">\n<p><strong>Descripci\u00f3n de la jornada:<\/strong><\/p>\n<p>En esta nueva jornada de la Oficina Acelera Pyme, queremos informar y preparar a empresas de inform\u00e1tica y a sus clientes sobre Veri*Factu, la normativa que transformar\u00e1 la emisi\u00f3n de facturas y su comunicaci\u00f3n con la Agencia Tributaria.<\/p>\n<\/div>\n<p>Durante la jornada explicaremos qu\u00e9 es Veri*Factu, en qu\u00e9 se diferencia de la factura electr\u00f3nica tradicional y<\/p>\n<p>su relaci\u00f3n con la Ley Antifraude y la Ley Crea y Crece. Tambi\u00e9n repasaremos las fechas clave de implantaci\u00f3n: el 1 de enero de 2026 para empresas sujetas al Impuesto sobre Sociedades y el 1 de julio de 2026 para el resto de compa\u00f1\u00edas y aut\u00f3nomos.<\/p>\n<p>Abordaremos los requisitos t\u00e9cnicos de los Sistemas Inform\u00e1ticos de Facturaci\u00f3n (SIF) y las implicaciones pr\u00e1cticas para desarrolladores y proveedores de software, destacando c\u00f3mo realizar la adaptaci\u00f3n sin necesidad de sustituir las soluciones actuales y los procesos de certificaci\u00f3n ante la AEAT.<\/p>\n<p>Tambi\u00e9n analizaremos el impacto en los procesos internos de las empresas, los cambios en materia de seguridad y control fiscal, as\u00ed como un plan de preparaci\u00f3n por fases que incluye diagn\u00f3stico, adaptaci\u00f3n t\u00e9cnica, formaci\u00f3n y seguimiento. Para finalizar, se presentar\u00e1n casos pr\u00e1cticos y herramientas para facilitar la transici\u00f3n, demostrando c\u00f3mo convertir esta obligaci\u00f3n en una aut\u00e9ntica ventaja competitiva.<\/p>\n<p><strong>Agenda:<\/strong><\/p>\n<p>09:30 Bienvenida a los asistentes y presentaci\u00f3n del ponente.<\/p>\n<p>09:35 Introducci\u00f3n a Veri*Factu<br \/>\n09:45 Diferencias con la factura electr\u00f3nica tradicional.<br \/>\n10:10 Entrada en vigor:<br \/>\n1 enero 2026: empresas sujetas al Impuesto sobre Sociedades.<br \/>\n1 julio 2026: resto de empresas y aut\u00f3nomos<br \/>\n10:30 Implicaciones T\u00e9cnicas para Desarrolladores y Proveedores de Software<br \/>\n10:45 Impacto en la Operativa Empresarial<br \/>\n11:00 C\u00f3mo prepararse.<br \/>\n11:10 Casos Pr\u00e1cticos y Herramientas<\/p>\n<p>11:25 Ronda de preguntas y dudas.<\/p>\n<p>&nbsp;<\/p>\n<p>&nbsp;<\/p>\n<\/div>\n","protected":false},"excerpt":{"rendered":"<p>La C\u00e1mara de Comercio de Salamanca, con la colaboraci\u00f3n del Ayuntamiento de Ciudad Rodrigo ofrece este jueves una jornada gratuita sobre \u00abC\u00f3mo cumplir con Verifactu Empresas y Aut\u00f3nomos &#8211; Kit Digital\u00bb, ofrecida por el ponente Mart\u00edn Gil. \ud83d\udcc6Jueves, 20-noviembre-2025 \ud83d\udd64De 9:30 a 11:30 horas \ud83d\udccdEdificio Uned, Calle San Fernando, 26 Ciudad Rodrigo Inscripciones Descripci\u00f3n de [&hellip;]<\/p>\n","protected":false},"author":11,"featured_media":21504,"comment_status":"closed","ping_status":"closed","sticky":false,"template":"","format":"standard","meta":{"footnotes":""},"categories":[141,371,147,381],"tags":[],"class_list":["post-21503","post","type-post","status-publish","format-standard","has-post-thumbnail","hentry","category-actualidad","category-comercio-actualidad","category-destacados","category-formacion"],"_links":{"self":[{"href":"https:\/\/www.ciudadrodrigo.es\/ayuntamiento\/wp-json\/wp\/v2\/posts\/21503","targetHints":{"allow":["GET"]}}],"collection":[{"href":"https:\/\/www.ciudadrodrigo.es\/ayuntamiento\/wp-json\/wp\/v2\/posts"}],"about":[{"href":"https:\/\/www.ciudadrodrigo.es\/ayuntamiento\/wp-json\/wp\/v2\/types\/post"}],"author":[{"embeddable":true,"href":"https:\/\/www.ciudadrodrigo.es\/ayuntamiento\/wp-json\/wp\/v2\/users\/11"}],"replies":[{"embeddable":true,"href":"https:\/\/www.ciudadrodrigo.es\/ayuntamiento\/wp-json\/wp\/v2\/comments?post=21503"}],"version-history":[{"count":4,"href":"https:\/\/www.ciudadrodrigo.es\/ayuntamiento\/wp-json\/wp\/v2\/posts\/21503\/revisions"}],"predecessor-version":[{"id":21509,"href":"https:\/\/www.ciudadrodrigo.es\/ayuntamiento\/wp-json\/wp\/v2\/posts\/21503\/revisions\/21509"}],"wp:featuredmedia":[{"embeddable":true,"href":"https:\/\/www.ciudadrodrigo.es\/ayuntamiento\/wp-json\/wp\/v2\/media\/21504"}],"wp:attachment":[{"href":"https:\/\/www.ciudadrodrigo.es\/ayuntamiento\/wp-json\/wp\/v2\/media?parent=21503"}],"wp:term":[{"taxonomy":"category","embeddable":true,"href":"https:\/\/www.ciudadrodrigo.es\/ayuntamiento\/wp-json\/wp\/v2\/categories?post=21503"},{"taxonomy":"post_tag","embeddable":true,"href":"https:\/\/www.ciudadrodrigo.es\/ayuntamiento\/wp-json\/wp\/v2\/tags?post=21503"}],"curies":[{"name":"wp","href":"https:\/\/api.w.org\/{rel}","templated":true}]}}