{"id":21870,"date":"2025-12-01T19:35:56","date_gmt":"2025-12-01T18:35:56","guid":{"rendered":"https:\/\/www.ciudadrodrigo.es\/ayuntamiento\/?p=21870"},"modified":"2025-12-01T19:35:56","modified_gmt":"2025-12-01T18:35:56","slug":"mayalde-llena-de-musica-e-historias-el-teatro-nuevo-fernando-arrabal","status":"publish","type":"post","link":"https:\/\/www.ciudadrodrigo.es\/ayuntamiento\/mayalde-llena-de-musica-e-historias-el-teatro-nuevo-fernando-arrabal\/","title":{"rendered":"Mayalde llena de m\u00fasica e historias el Teatro Nuevo \u201cFernando Arrabal\u201d"},"content":{"rendered":"<p><strong>Ciudad Rodrigo, 01 diciembre 2025.<\/strong> El grupo Mayalde ha llenado de m\u00fasica e historias de los pueblos de Salamanca el Teatro Nuevo \u201cFernando Arrabal\u201d en un concierto incluido en el programa \u201cLos Sonidos de la Democracia. Espa\u00f1a en Libertad\u201d de conmemoraci\u00f3n de los 50 a\u00f1os de Democracia.<\/p>\n<p>El acto ha estado presidido por la subdelegada del Gobierno en Salamanca, Rosa L\u00f3pez, y el teniente de alcalde, Ram\u00f3n Sastre, contando con la participaci\u00f3n de otros miembros de la Corporaci\u00f3n municipal.<\/p>\n","protected":false},"excerpt":{"rendered":"<p>Ciudad Rodrigo, 01 diciembre 2025. El grupo Mayalde ha llenado de m\u00fasica e historias de los pueblos de Salamanca el Teatro Nuevo \u201cFernando Arrabal\u201d en un concierto incluido en el programa \u201cLos Sonidos de la Democracia. Espa\u00f1a en Libertad\u201d de conmemoraci\u00f3n de los 50 a\u00f1os de Democracia. El acto ha estado presidido por la subdelegada [&hellip;]<\/p>\n","protected":false},"author":11,"featured_media":0,"comment_status":"closed","ping_status":"closed","sticky":false,"template":"","format":"gallery","meta":{"footnotes":""},"categories":[141,368,147],"tags":[],"class_list":["post-21870","post","type-post","status-publish","format-gallery","hentry","category-actualidad","category-cultura","category-destacados","post_format-post-format-gallery"],"_links":{"self":[{"href":"https:\/\/www.ciudadrodrigo.es\/ayuntamiento\/wp-json\/wp\/v2\/posts\/21870","targetHints":{"allow":["GET"]}}],"collection":[{"href":"https:\/\/www.ciudadrodrigo.es\/ayuntamiento\/wp-json\/wp\/v2\/posts"}],"about":[{"href":"https:\/\/www.ciudadrodrigo.es\/ayuntamiento\/wp-json\/wp\/v2\/types\/post"}],"author":[{"embeddable":true,"href":"https:\/\/www.ciudadrodrigo.es\/ayuntamiento\/wp-json\/wp\/v2\/users\/11"}],"replies":[{"embeddable":true,"href":"https:\/\/www.ciudadrodrigo.es\/ayuntamiento\/wp-json\/wp\/v2\/comments?post=21870"}],"version-history":[{"count":1,"href":"https:\/\/www.ciudadrodrigo.es\/ayuntamiento\/wp-json\/wp\/v2\/posts\/21870\/revisions"}],"predecessor-version":[{"id":21881,"href":"https:\/\/www.ciudadrodrigo.es\/ayuntamiento\/wp-json\/wp\/v2\/posts\/21870\/revisions\/21881"}],"wp:attachment":[{"href":"https:\/\/www.ciudadrodrigo.es\/ayuntamiento\/wp-json\/wp\/v2\/media?parent=21870"}],"wp:term":[{"taxonomy":"category","embeddable":true,"href":"https:\/\/www.ciudadrodrigo.es\/ayuntamiento\/wp-json\/wp\/v2\/categories?post=21870"},{"taxonomy":"post_tag","embeddable":true,"href":"https:\/\/www.ciudadrodrigo.es\/ayuntamiento\/wp-json\/wp\/v2\/tags?post=21870"}],"curies":[{"name":"wp","href":"https:\/\/api.w.org\/{rel}","templated":true}]}}