{"id":22210,"date":"2025-12-22T19:14:05","date_gmt":"2025-12-22T18:14:05","guid":{"rendered":"https:\/\/www.ciudadrodrigo.es\/ayuntamiento\/?p=22210"},"modified":"2025-12-22T19:14:05","modified_gmt":"2025-12-22T18:14:05","slug":"comprar-en-ciudad-rodrigo-tiene-como-premio-un-coche","status":"publish","type":"post","link":"https:\/\/www.ciudadrodrigo.es\/ayuntamiento\/comprar-en-ciudad-rodrigo-tiene-como-premio-un-coche\/","title":{"rendered":"Comprar en Ciudad Rodrigo tiene como premio un coche"},"content":{"rendered":"<ul>\n<li style=\"text-align: justify;\"><strong>\u201cEl n\u00famero de papeletas, en principio est\u00e1n puestas para poder llegar hasta 50.000, pero ya se han superado las 40.000 y es f\u00e1cil que se llegue a las 45.000\u201d ha aclarado el presidente de AFECIR, David Bernal.<\/strong><\/li>\n<\/ul>\n<ul style=\"text-align: justify;\">\n<li><strong>El cantante mirobrigense Lemus presentar\u00e1 su \u00faltimo single<\/strong>, <strong>que fusiona los sonidos actuales con el folclore charro,\u00a0la misma noche del sorteo. <\/strong><\/li>\n<\/ul>\n<p style=\"text-align: justify;\"><strong>Ciudad Rodrigo, 22-diciembre-2025.-<\/strong> La delegada de Comercio, Paola Mart\u00edn Mu\u00f1oz, junto al presidente de AFECIR, David Bernal bajo el lema \u201cComprar en Ciudad Rodrigo tiene premio\u201d han recordado que el pr\u00f3ximo 3 de enero a las 20:00 horas en la Plaza Mayor se llevar\u00e1 a cabo el sorteo de un coche, una cesta de productos (entre los que se incluyen una noche en un parador) y una PS5. La asistencia es imprescindible para ganar.<\/p>\n<p><img loading=\"lazy\" decoding=\"async\" class=\" wp-image-22215 alignright\" src=\"https:\/\/www.ciudadrodrigo.es\/ayuntamiento\/wp-content\/uploads\/2025\/12\/Cartel-Sorteo-Coche-240x300.jpeg\" alt=\"\" width=\"350\" height=\"438\" srcset=\"https:\/\/www.ciudadrodrigo.es\/ayuntamiento\/wp-content\/uploads\/2025\/12\/Cartel-Sorteo-Coche-240x300.jpeg 240w, https:\/\/www.ciudadrodrigo.es\/ayuntamiento\/wp-content\/uploads\/2025\/12\/Cartel-Sorteo-Coche-819x1024.jpeg 819w, https:\/\/www.ciudadrodrigo.es\/ayuntamiento\/wp-content\/uploads\/2025\/12\/Cartel-Sorteo-Coche-768x960.jpeg 768w, https:\/\/www.ciudadrodrigo.es\/ayuntamiento\/wp-content\/uploads\/2025\/12\/Cartel-Sorteo-Coche-800x1000.jpeg 800w, https:\/\/www.ciudadrodrigo.es\/ayuntamiento\/wp-content\/uploads\/2025\/12\/Cartel-Sorteo-Coche-650x813.jpeg 650w, https:\/\/www.ciudadrodrigo.es\/ayuntamiento\/wp-content\/uploads\/2025\/12\/Cartel-Sorteo-Coche-440x550.jpeg 440w, https:\/\/www.ciudadrodrigo.es\/ayuntamiento\/wp-content\/uploads\/2025\/12\/Cartel-Sorteo-Coche.jpeg 1080w\" sizes=\"auto, (max-width: 350px) 100vw, 350px\" \/><\/p>\n<p style=\"text-align: justify;\">70 comercios, aumentando el n\u00famero respecto al a\u00f1o anterior, han sido los que se han sumado a la propuesta de AFECIR, y del Ayuntamiento, del sorteo de un coche mediante papeletas que se entregan por las compras realizadas en los establecimientos adheridos.<\/p>\n<p style=\"text-align: justify;\"><strong>El orden de los sorteos <\/strong><\/p>\n<p style=\"text-align: justify;\">Se har\u00e1 primero el sorteo de la PlayStation 5 y a continuaci\u00f3n, se realizar\u00e1n los dos sorteos, el de la cesta y el de la noche del parador y por \u00faltimo el del coche. Como est\u00e1 establecido en las bases, las cuales se han formalizado ante notario, viene estipulado que el d\u00eda del sorteo deber\u00e1n estar ese d\u00eda en la Plaza Mayor para poder recogerlos.<\/p>\n<p style=\"text-align: justify;\"><strong>Los mirobrigenses deseosos con el sorteo <\/strong><\/p>\n<p style=\"text-align: justify;\">\u201cEl ambiente que se vive en Ciudad Rodrigo, que hay en las calles y en los comercios, es que la gente tiene ganas, much\u00edsima m\u00e1s gente que el a\u00f1o pasado ya te habla de las papeletas, te habla del d\u00eda del sorteo, si el a\u00f1o pasado fue un llenazo y un \u00e9xito esperamos que este a\u00f1o tambi\u00e9n lo sea. Esperemos tambi\u00e9n que el tiempo nos acompa\u00f1e y que pueda ser una jornada muy bonita y que haya suerte para todos\u201d ha comentado la concejala de Comercio, Paola Mart\u00edn Mu\u00f1oz.<\/p>\n","protected":false},"excerpt":{"rendered":"<p>\u201cEl n\u00famero de papeletas, en principio est\u00e1n puestas para poder llegar hasta 50.000, pero ya se han superado las 40.000 y es f\u00e1cil que se llegue a las 45.000\u201d ha aclarado el presidente de AFECIR, David Bernal. El cantante mirobrigense Lemus presentar\u00e1 su \u00faltimo single, que fusiona los sonidos actuales con el folclore charro,\u00a0la misma [&hellip;]<\/p>\n","protected":false},"author":1,"featured_media":0,"comment_status":"closed","ping_status":"closed","sticky":false,"template":"","format":"gallery","meta":{"footnotes":""},"categories":[141,371,147],"tags":[],"class_list":["post-22210","post","type-post","status-publish","format-gallery","hentry","category-actualidad","category-comercio-actualidad","category-destacados","post_format-post-format-gallery"],"_links":{"self":[{"href":"https:\/\/www.ciudadrodrigo.es\/ayuntamiento\/wp-json\/wp\/v2\/posts\/22210","targetHints":{"allow":["GET"]}}],"collection":[{"href":"https:\/\/www.ciudadrodrigo.es\/ayuntamiento\/wp-json\/wp\/v2\/posts"}],"about":[{"href":"https:\/\/www.ciudadrodrigo.es\/ayuntamiento\/wp-json\/wp\/v2\/types\/post"}],"author":[{"embeddable":true,"href":"https:\/\/www.ciudadrodrigo.es\/ayuntamiento\/wp-json\/wp\/v2\/users\/1"}],"replies":[{"embeddable":true,"href":"https:\/\/www.ciudadrodrigo.es\/ayuntamiento\/wp-json\/wp\/v2\/comments?post=22210"}],"version-history":[{"count":2,"href":"https:\/\/www.ciudadrodrigo.es\/ayuntamiento\/wp-json\/wp\/v2\/posts\/22210\/revisions"}],"predecessor-version":[{"id":22217,"href":"https:\/\/www.ciudadrodrigo.es\/ayuntamiento\/wp-json\/wp\/v2\/posts\/22210\/revisions\/22217"}],"wp:attachment":[{"href":"https:\/\/www.ciudadrodrigo.es\/ayuntamiento\/wp-json\/wp\/v2\/media?parent=22210"}],"wp:term":[{"taxonomy":"category","embeddable":true,"href":"https:\/\/www.ciudadrodrigo.es\/ayuntamiento\/wp-json\/wp\/v2\/categories?post=22210"},{"taxonomy":"post_tag","embeddable":true,"href":"https:\/\/www.ciudadrodrigo.es\/ayuntamiento\/wp-json\/wp\/v2\/tags?post=22210"}],"curies":[{"name":"wp","href":"https:\/\/api.w.org\/{rel}","templated":true}]}}