{"id":22245,"date":"2026-01-02T10:26:20","date_gmt":"2026-01-02T09:26:20","guid":{"rendered":"https:\/\/www.ciudadrodrigo.es\/ayuntamiento\/?p=22245"},"modified":"2026-01-02T10:26:20","modified_gmt":"2026-01-02T09:26:20","slug":"todo-listo-para-la-gran-cabalgata-de-reyes-magos-en-ciudad-rodrigo","status":"publish","type":"post","link":"https:\/\/www.ciudadrodrigo.es\/ayuntamiento\/todo-listo-para-la-gran-cabalgata-de-reyes-magos-en-ciudad-rodrigo\/","title":{"rendered":"Todo listo para la gran cabalgata de Reyes Magos en Ciudad Rodrigo"},"content":{"rendered":"<p><img loading=\"lazy\" decoding=\"async\" class=\" wp-image-22247 alignright\" src=\"https:\/\/www.ciudadrodrigo.es\/ayuntamiento\/wp-content\/uploads\/2026\/01\/Cartel-Cabalgata-Reyes-2026-724x1024.jpeg\" alt=\"\" width=\"331\" height=\"468\" srcset=\"https:\/\/www.ciudadrodrigo.es\/ayuntamiento\/wp-content\/uploads\/2026\/01\/Cartel-Cabalgata-Reyes-2026-724x1024.jpeg 724w, https:\/\/www.ciudadrodrigo.es\/ayuntamiento\/wp-content\/uploads\/2026\/01\/Cartel-Cabalgata-Reyes-2026-212x300.jpeg 212w, https:\/\/www.ciudadrodrigo.es\/ayuntamiento\/wp-content\/uploads\/2026\/01\/Cartel-Cabalgata-Reyes-2026-768x1086.jpeg 768w, https:\/\/www.ciudadrodrigo.es\/ayuntamiento\/wp-content\/uploads\/2026\/01\/Cartel-Cabalgata-Reyes-2026-1087x1536.jpeg 1087w, https:\/\/www.ciudadrodrigo.es\/ayuntamiento\/wp-content\/uploads\/2026\/01\/Cartel-Cabalgata-Reyes-2026-800x1131.jpeg 800w, https:\/\/www.ciudadrodrigo.es\/ayuntamiento\/wp-content\/uploads\/2026\/01\/Cartel-Cabalgata-Reyes-2026-650x919.jpeg 650w, https:\/\/www.ciudadrodrigo.es\/ayuntamiento\/wp-content\/uploads\/2026\/01\/Cartel-Cabalgata-Reyes-2026-440x622.jpeg 440w, https:\/\/www.ciudadrodrigo.es\/ayuntamiento\/wp-content\/uploads\/2026\/01\/Cartel-Cabalgata-Reyes-2026.jpeg 1132w\" sizes=\"auto, (max-width: 331px) 100vw, 331px\" \/><\/p>\n<p>El alcalde, Marcos Iglesias, y la delegada de Comercio, Paola Mart\u00edn Mu\u00f1oz, han presentado junto al integrante de la asociaci\u00f3n \u00abAmigos de la Ilusi\u00f3n\u00bb, Julio S\u00e1nchez \u00abJulete Moriche\u00bb, el cartel anunciador de la gran cabalgada de Reyes Magos, con el agradecimiento de las autoridades municipales \u00aba la magn\u00edfica labor que desde hace m\u00e1s de medio siglo desarrolla de manera altruista la agrupaci\u00f3n de Amigos de la Ilusi\u00f3n\u00bb.<\/p>\n<p>La Cabalgata de Reyes Magos partir\u00e1 a las 18:30 horas del pr\u00f3ximo lunes, d\u00eda 5, de la nave municipal del paseo de Carmelitas para recorrer las calles del Arrabal de San Francisco hasta la Plaza Mayor donde los Magos de Oriente ser\u00e1n recibidos por la Corporaci\u00f3n municipal, saludar\u00e1n a los presentes desde la galer\u00eda alta de la Casa Consistorial y, a continuaci\u00f3n, recibir\u00e1n a todos los ni\u00f1os que as\u00ed lo deseen desde los tronos instalados en la galer\u00eda baja del Ayuntamiento.<\/p>\n<p>&nbsp;<\/p>\n","protected":false},"excerpt":{"rendered":"<p>El alcalde, Marcos Iglesias, y la delegada de Comercio, Paola Mart\u00edn Mu\u00f1oz, han presentado junto al integrante de la asociaci\u00f3n \u00abAmigos de la Ilusi\u00f3n\u00bb, Julio S\u00e1nchez \u00abJulete Moriche\u00bb, el cartel anunciador de la gran cabalgada de Reyes Magos, con el agradecimiento de las autoridades municipales \u00aba la magn\u00edfica labor que desde hace m\u00e1s de medio [&hellip;]<\/p>\n","protected":false},"author":11,"featured_media":22246,"comment_status":"closed","ping_status":"closed","sticky":false,"template":"","format":"standard","meta":{"footnotes":""},"categories":[141,371,147,396],"tags":[],"class_list":["post-22245","post","type-post","status-publish","format-standard","has-post-thumbnail","hentry","category-actualidad","category-comercio-actualidad","category-destacados","category-navidad"],"_links":{"self":[{"href":"https:\/\/www.ciudadrodrigo.es\/ayuntamiento\/wp-json\/wp\/v2\/posts\/22245","targetHints":{"allow":["GET"]}}],"collection":[{"href":"https:\/\/www.ciudadrodrigo.es\/ayuntamiento\/wp-json\/wp\/v2\/posts"}],"about":[{"href":"https:\/\/www.ciudadrodrigo.es\/ayuntamiento\/wp-json\/wp\/v2\/types\/post"}],"author":[{"embeddable":true,"href":"https:\/\/www.ciudadrodrigo.es\/ayuntamiento\/wp-json\/wp\/v2\/users\/11"}],"replies":[{"embeddable":true,"href":"https:\/\/www.ciudadrodrigo.es\/ayuntamiento\/wp-json\/wp\/v2\/comments?post=22245"}],"version-history":[{"count":1,"href":"https:\/\/www.ciudadrodrigo.es\/ayuntamiento\/wp-json\/wp\/v2\/posts\/22245\/revisions"}],"predecessor-version":[{"id":22248,"href":"https:\/\/www.ciudadrodrigo.es\/ayuntamiento\/wp-json\/wp\/v2\/posts\/22245\/revisions\/22248"}],"wp:featuredmedia":[{"embeddable":true,"href":"https:\/\/www.ciudadrodrigo.es\/ayuntamiento\/wp-json\/wp\/v2\/media\/22246"}],"wp:attachment":[{"href":"https:\/\/www.ciudadrodrigo.es\/ayuntamiento\/wp-json\/wp\/v2\/media?parent=22245"}],"wp:term":[{"taxonomy":"category","embeddable":true,"href":"https:\/\/www.ciudadrodrigo.es\/ayuntamiento\/wp-json\/wp\/v2\/categories?post=22245"},{"taxonomy":"post_tag","embeddable":true,"href":"https:\/\/www.ciudadrodrigo.es\/ayuntamiento\/wp-json\/wp\/v2\/tags?post=22245"}],"curies":[{"name":"wp","href":"https:\/\/api.w.org\/{rel}","templated":true}]}}