{"id":22249,"date":"2026-01-02T18:45:55","date_gmt":"2026-01-02T17:45:55","guid":{"rendered":"https:\/\/www.ciudadrodrigo.es\/ayuntamiento\/?p=22249"},"modified":"2026-01-02T18:45:55","modified_gmt":"2026-01-02T17:45:55","slug":"premios-del-x-concurso-de-decoracion-navidad-2025","status":"publish","type":"post","link":"https:\/\/www.ciudadrodrigo.es\/ayuntamiento\/premios-del-x-concurso-de-decoracion-navidad-2025\/","title":{"rendered":"Premios del X Concurso de Decoraci\u00f3n Navidad 2025"},"content":{"rendered":"<p>El alcalde, Marcos Iglesias, y la delegada de Comercio, Paola Mart\u00edn Mu\u00f1oz, han presidido el acto de entrega de los premios del X Concurso de Decoraci\u00f3n de Calles Navidad 2025 que han correspondido a:<\/p>\n<ol>\n<li>Primer Premio.\u00a0 Zona 10. \u201cNavidad M\u00e1gica en el Bosque Encantado\u201d. Lorenza Iglesias, C\u00e1rcabas, San Crist\u00f3bal. 400 euros y diploma<\/li>\n<li>Segundo Premio. Zona 13. \u201cUna carta para Pap\u00e1 Noel IV\u201d. Arrabal de San Sebasti\u00e1n. 350 euros y diploma<\/li>\n<li>Tercer Premio. ZONA 1: \u201cEl Callej\u00f3n Diag\u00f3n Mirobrigense\u201d. San Juan, Colegios, Puerta Santiago. 300 euros y diplomas.<\/li>\n<\/ol>\n<p>Todas las zonas restantes recibieron un diploma y 115 euros cada una de ellas, como reconocimiento a su participaci\u00f3n:<\/p>\n<p>&#8211; ZONA 2: Gigantes, con el t\u00edtulo \u201cLos Duendes\u201d.<\/p>\n<p>&#8211; ZONA 3: Plaza Mayor, con el t\u00edtulo \u201cLas Joyas m\u00e1s dulces\u201d.<\/p>\n<p>&#8211; ZONA 4: Cardenal Pacheco, Juli\u00e1n S\u00e1nchez, Plaza Buen Alcalde, con el t\u00edtulo \u201cNavidad en el Bosque III\u201d.<\/p>\n<p>&#8211; ZONA 5: Calle Cadimus, con el t\u00edtulo \u201cLlega la Navidad a Cadimus Ville de la mano del Grinch\u201d.<\/p>\n<p>&#8211; ZONA 6: Santiago Vegas Arranz, con el t\u00edtulo \u201cLa Navidad es felicidad\u201d.<\/p>\n<p>&#8211; ZONA 7: Plaza Herradores, La Canal, Venerable Centenares, San Fernando, Avda. Espa\u00f1a (casas del uranio), con el t\u00edtulo \u201cFlor de Navidad\u201d.<\/p>\n<p>&#8211; ZONA 8: San Fernando 8, Santa Clara 15, 17 y 19, Laguna, 2 (cruce de calles), con el t\u00edtulo \u201cPolar Express Navide\u00f1o\u201d.<\/p>\n<p>&#8211; ZONA 9: Valera, con el t\u00edtulo \u201cCalle de los Gnomos\u201d.<\/p>\n<p>&#8211; ZONA 11: Avda. de B\u00e9jar, C\u00e1rcabas, con el t\u00edtulo \u201cDulce Navidad\u201d.<\/p>\n<p>&#8211; ZONA 12: Fort\u00edn de los Casta\u00f1os, con el t\u00edtulo \u201cLlueve Navidad\u201d.<\/p>\n","protected":false},"excerpt":{"rendered":"<p>El alcalde, Marcos Iglesias, y la delegada de Comercio, Paola Mart\u00edn Mu\u00f1oz, han presidido el acto de entrega de los premios del X Concurso de Decoraci\u00f3n de Calles Navidad 2025 que han correspondido a: Primer Premio.\u00a0 Zona 10. \u201cNavidad M\u00e1gica en el Bosque Encantado\u201d. Lorenza Iglesias, C\u00e1rcabas, San Crist\u00f3bal. 400 euros y diploma Segundo Premio. [&hellip;]<\/p>\n","protected":false},"author":11,"featured_media":0,"comment_status":"closed","ping_status":"closed","sticky":false,"template":"","format":"gallery","meta":{"footnotes":""},"categories":[141,371,147,396],"tags":[],"class_list":["post-22249","post","type-post","status-publish","format-gallery","hentry","category-actualidad","category-comercio-actualidad","category-destacados","category-navidad","post_format-post-format-gallery"],"_links":{"self":[{"href":"https:\/\/www.ciudadrodrigo.es\/ayuntamiento\/wp-json\/wp\/v2\/posts\/22249","targetHints":{"allow":["GET"]}}],"collection":[{"href":"https:\/\/www.ciudadrodrigo.es\/ayuntamiento\/wp-json\/wp\/v2\/posts"}],"about":[{"href":"https:\/\/www.ciudadrodrigo.es\/ayuntamiento\/wp-json\/wp\/v2\/types\/post"}],"author":[{"embeddable":true,"href":"https:\/\/www.ciudadrodrigo.es\/ayuntamiento\/wp-json\/wp\/v2\/users\/11"}],"replies":[{"embeddable":true,"href":"https:\/\/www.ciudadrodrigo.es\/ayuntamiento\/wp-json\/wp\/v2\/comments?post=22249"}],"version-history":[{"count":1,"href":"https:\/\/www.ciudadrodrigo.es\/ayuntamiento\/wp-json\/wp\/v2\/posts\/22249\/revisions"}],"predecessor-version":[{"id":22266,"href":"https:\/\/www.ciudadrodrigo.es\/ayuntamiento\/wp-json\/wp\/v2\/posts\/22249\/revisions\/22266"}],"wp:attachment":[{"href":"https:\/\/www.ciudadrodrigo.es\/ayuntamiento\/wp-json\/wp\/v2\/media?parent=22249"}],"wp:term":[{"taxonomy":"category","embeddable":true,"href":"https:\/\/www.ciudadrodrigo.es\/ayuntamiento\/wp-json\/wp\/v2\/categories?post=22249"},{"taxonomy":"post_tag","embeddable":true,"href":"https:\/\/www.ciudadrodrigo.es\/ayuntamiento\/wp-json\/wp\/v2\/tags?post=22249"}],"curies":[{"name":"wp","href":"https:\/\/api.w.org\/{rel}","templated":true}]}}