{"id":22438,"date":"2026-01-20T14:41:47","date_gmt":"2026-01-20T13:41:47","guid":{"rendered":"https:\/\/www.ciudadrodrigo.es\/ayuntamiento\/?p=22438"},"modified":"2026-01-20T14:41:47","modified_gmt":"2026-01-20T13:41:47","slug":"solemne-y-respetuosa-festividad-de-san-sebastian","status":"publish","type":"post","link":"https:\/\/www.ciudadrodrigo.es\/ayuntamiento\/solemne-y-respetuosa-festividad-de-san-sebastian\/","title":{"rendered":"Solemne y respetuosa festividad de San Sebasti\u00e1n"},"content":{"rendered":"<p>Los mirobrigenses han honrado hoy a su Santo Patr\u00f3n San Sebasti\u00e1n, con los actos solemnes que marca el antiguo protocolo de la Cofrad\u00eda, pero marcados por el respeto al luto oficial y las condolencias por las v\u00edctimas del accidente ferroviario de Adamuz.<\/p>\n<p>El obispo, Jos\u00e9 Luis Retana; los mayordomos de la Cofrad\u00eda, Jos\u00e9 Miguel Arroyo, Francisco Jos\u00e9 Iglesias, Javier Segovia y Jos\u00e9 Alberto Rubio; la Corporaci\u00f3n municipal encabezada por el alcalde, Marcos Iglesias; el presidente de la Diputaci\u00f3n, Javier Iglesias, y los diputados \u00c1ngel Peralvo y Gerardo Marcos; la Reina del Carnaval, Luc\u00eda Bernal, y dos de sus damas Noa Hern\u00e1ndez y Lidia de la Nava; y una amplia representaci\u00f3n de las Fuerzas Armadas y la Guardia Civil, han participado junto a cofrades y fieles en la misa en la Catedral y la posterior procesi\u00f3n hasta San Crist\u00f3bal.<\/p>\n<p>Previamente al inicio de los actos religiosos, la delegada de Cultura, Bel\u00e9n Barco, ha dado lectura a un comunicado de condolencias por las v\u00edctimas, se ha guardado un minuto de silencio y la Banda de M\u00fasica, dirigida por Jos\u00e9 Mar\u00eda Send\u00edn ha interpretado \u00abLa muerte no es el final\u00bb.<\/p>\n<p>&nbsp;<\/p>\n","protected":false},"excerpt":{"rendered":"<p>Los mirobrigenses han honrado hoy a su Santo Patr\u00f3n San Sebasti\u00e1n, con los actos solemnes que marca el antiguo protocolo de la Cofrad\u00eda, pero marcados por el respeto al luto oficial y las condolencias por las v\u00edctimas del accidente ferroviario de Adamuz. El obispo, Jos\u00e9 Luis Retana; los mayordomos de la Cofrad\u00eda, Jos\u00e9 Miguel Arroyo, [&hellip;]<\/p>\n","protected":false},"author":11,"featured_media":22474,"comment_status":"closed","ping_status":"closed","sticky":false,"template":"","format":"gallery","meta":{"footnotes":""},"categories":[141,147,367],"tags":[],"class_list":["post-22438","post","type-post","status-publish","format-gallery","has-post-thumbnail","hentry","category-actualidad","category-destacados","category-fiestas-y-traciciones","post_format-post-format-gallery"],"_links":{"self":[{"href":"https:\/\/www.ciudadrodrigo.es\/ayuntamiento\/wp-json\/wp\/v2\/posts\/22438","targetHints":{"allow":["GET"]}}],"collection":[{"href":"https:\/\/www.ciudadrodrigo.es\/ayuntamiento\/wp-json\/wp\/v2\/posts"}],"about":[{"href":"https:\/\/www.ciudadrodrigo.es\/ayuntamiento\/wp-json\/wp\/v2\/types\/post"}],"author":[{"embeddable":true,"href":"https:\/\/www.ciudadrodrigo.es\/ayuntamiento\/wp-json\/wp\/v2\/users\/11"}],"replies":[{"embeddable":true,"href":"https:\/\/www.ciudadrodrigo.es\/ayuntamiento\/wp-json\/wp\/v2\/comments?post=22438"}],"version-history":[{"count":1,"href":"https:\/\/www.ciudadrodrigo.es\/ayuntamiento\/wp-json\/wp\/v2\/posts\/22438\/revisions"}],"predecessor-version":[{"id":22486,"href":"https:\/\/www.ciudadrodrigo.es\/ayuntamiento\/wp-json\/wp\/v2\/posts\/22438\/revisions\/22486"}],"wp:featuredmedia":[{"embeddable":true,"href":"https:\/\/www.ciudadrodrigo.es\/ayuntamiento\/wp-json\/wp\/v2\/media\/22474"}],"wp:attachment":[{"href":"https:\/\/www.ciudadrodrigo.es\/ayuntamiento\/wp-json\/wp\/v2\/media?parent=22438"}],"wp:term":[{"taxonomy":"category","embeddable":true,"href":"https:\/\/www.ciudadrodrigo.es\/ayuntamiento\/wp-json\/wp\/v2\/categories?post=22438"},{"taxonomy":"post_tag","embeddable":true,"href":"https:\/\/www.ciudadrodrigo.es\/ayuntamiento\/wp-json\/wp\/v2\/tags?post=22438"}],"curies":[{"name":"wp","href":"https:\/\/api.w.org\/{rel}","templated":true}]}}