{"id":22529,"date":"2026-01-23T14:37:36","date_gmt":"2026-01-23T13:37:36","guid":{"rendered":"https:\/\/www.ciudadrodrigo.es\/ayuntamiento\/?p=22529"},"modified":"2026-01-23T14:37:36","modified_gmt":"2026-01-23T13:37:36","slug":"el-torneo-internacional-ciudad-rodrigo-2026-se-presenta-en-fitur-y-refuerza-su-proyeccion-nacional-e-internacional","status":"publish","type":"post","link":"https:\/\/www.ciudadrodrigo.es\/ayuntamiento\/el-torneo-internacional-ciudad-rodrigo-2026-se-presenta-en-fitur-y-refuerza-su-proyeccion-nacional-e-internacional\/","title":{"rendered":"El Torneo Internacional Ciudad Rodrigo 2026 se presenta  en FITUR y refuerza su proyecci\u00f3n nacional e internacional"},"content":{"rendered":"<p>El Torneo Internacional Ciudad Rodrigo 2026 ha estado presente estos d\u00edas en FITUR (Feria Internacional de Turismo), celebrada en IFEMA (Madrid), en una acci\u00f3n clave de promoci\u00f3n para continuar impulsando el crecimiento del evento y reforzar su proyecci\u00f3n a nivel nacional e internacional.<\/p>\n<p>La organizaci\u00f3n del torneo quiere destacar y agradecer el privilegio que ha supuesto poder participar en FITUR contando con un stand de gran nivel, representando a Ciudad Rodrigo y Almeida, un espacio conjunto entre Espa\u00f1a y Portugal que ha servido para dar visibilidad a un proyecto deportivo que une deporte base, turismo y convivencia, y que en 2026 se celebrar\u00e1 los d\u00edas 26, 27 y 28 de junio.<\/p>\n<p>La presencia en la feria ha permitido mantener reuniones y encuentros con diferentes pa\u00edses, municipios e instituciones, tanto nacionales como internacionales, con el objetivo de seguir creciendo, ampliando el n\u00famero de participantes y consolidando el torneo como una referencia dentro del f\u00fatbol sala base.<\/p>\n<p>Desde la organizaci\u00f3n se quiere expresar un agradecimiento especial al Ayuntamiento de Ciudad Rodrigo, por su apoyo constante y por todas las facilidades ofrecidas para que el torneo contin\u00fae desarroll\u00e1ndose y mejorando a\u00f1o tras a\u00f1o. En especial, se destaca la implicaci\u00f3n de Marcos Iglesias, alcalde de Ciudad Rodrigo, y V\u00edctor G\u00f3mez, concejal de Deportes, cuya colaboraci\u00f3n resulta fundamental para impulsar un evento que proyecta el nombre de la ciudad m\u00e1s all\u00e1 de nuestras fronteras.<\/p>\n<p>\u201cHa sido un lujo vivir esta experiencia en FITUR y comprobar el inter\u00e9s que genera el torneo. Nos vamos con nuevos contactos, nuevas oportunidades y con la satisfacci\u00f3n de haber podido llevar el nombre de Ciudad Rodrigo a un evento internacional al que han acudido representantes de m\u00e1s de 156 pa\u00edses, en la mayor feria tur\u00edstica celebrada en IFEMA\u201d.<\/p>\n<p>El Torneo Internacional Ciudad Rodrigo contin\u00faa trabajando con m\u00e1xima ilusi\u00f3n y ambici\u00f3n para ofrecer en 2026 una edici\u00f3n todav\u00eda m\u00e1s completa, con el objetivo de seguir situando a la ciudad como un destino destacado del turismo deportivo y avanzar hacia la meta de convertirse en uno de los torneos de referencia de Espa\u00f1a.<\/p>\n<p>Seguimos creciendo para construir el mejor torneo de Espa\u00f1a.<\/p>\n<p>DATOS DEL EVENTO<\/p>\n<p>26, 27 y 28 de junio de 2026<br \/>\nCiudad Rodrigo (Espa\u00f1a) y Almeida (Portugal)<br \/>\n<img loading=\"lazy\" decoding=\"async\" class=\"size-medium wp-image-22530 alignright\" src=\"https:\/\/www.ciudadrodrigo.es\/ayuntamiento\/wp-content\/uploads\/2026\/01\/Fitur-Torneo-Internacional-Ciudad-Rodrigo-5-225x300.jpeg\" alt=\"\" width=\"225\" height=\"300\" srcset=\"https:\/\/www.ciudadrodrigo.es\/ayuntamiento\/wp-content\/uploads\/2026\/01\/Fitur-Torneo-Internacional-Ciudad-Rodrigo-5-225x300.jpeg 225w, https:\/\/www.ciudadrodrigo.es\/ayuntamiento\/wp-content\/uploads\/2026\/01\/Fitur-Torneo-Internacional-Ciudad-Rodrigo-5-768x1024.jpeg 768w, https:\/\/www.ciudadrodrigo.es\/ayuntamiento\/wp-content\/uploads\/2026\/01\/Fitur-Torneo-Internacional-Ciudad-Rodrigo-5-1152x1536.jpeg 1152w, https:\/\/www.ciudadrodrigo.es\/ayuntamiento\/wp-content\/uploads\/2026\/01\/Fitur-Torneo-Internacional-Ciudad-Rodrigo-5-1180x1573.jpeg 1180w, https:\/\/www.ciudadrodrigo.es\/ayuntamiento\/wp-content\/uploads\/2026\/01\/Fitur-Torneo-Internacional-Ciudad-Rodrigo-5-800x1067.jpeg 800w, https:\/\/www.ciudadrodrigo.es\/ayuntamiento\/wp-content\/uploads\/2026\/01\/Fitur-Torneo-Internacional-Ciudad-Rodrigo-5-650x867.jpeg 650w, https:\/\/www.ciudadrodrigo.es\/ayuntamiento\/wp-content\/uploads\/2026\/01\/Fitur-Torneo-Internacional-Ciudad-Rodrigo-5-440x587.jpeg 440w, https:\/\/www.ciudadrodrigo.es\/ayuntamiento\/wp-content\/uploads\/2026\/01\/Fitur-Torneo-Internacional-Ciudad-Rodrigo-5.jpeg 1200w\" sizes=\"auto, (max-width: 225px) 100vw, 225px\" \/>Torneo Internacional de F\u00fatbol Sala Base<\/p>\n","protected":false},"excerpt":{"rendered":"<p>El Torneo Internacional Ciudad Rodrigo 2026 ha estado presente estos d\u00edas en FITUR (Feria Internacional de Turismo), celebrada en IFEMA (Madrid), en una acci\u00f3n clave de promoci\u00f3n para continuar impulsando el crecimiento del evento y reforzar su proyecci\u00f3n a nivel nacional e internacional. La organizaci\u00f3n del torneo quiere destacar y agradecer el privilegio que ha [&hellip;]<\/p>\n","protected":false},"author":1,"featured_media":22531,"comment_status":"closed","ping_status":"closed","sticky":false,"template":"","format":"standard","meta":{"footnotes":""},"categories":[141,204,147],"tags":[],"class_list":["post-22529","post","type-post","status-publish","format-standard","has-post-thumbnail","hentry","category-actualidad","category-deportes","category-destacados"],"_links":{"self":[{"href":"https:\/\/www.ciudadrodrigo.es\/ayuntamiento\/wp-json\/wp\/v2\/posts\/22529","targetHints":{"allow":["GET"]}}],"collection":[{"href":"https:\/\/www.ciudadrodrigo.es\/ayuntamiento\/wp-json\/wp\/v2\/posts"}],"about":[{"href":"https:\/\/www.ciudadrodrigo.es\/ayuntamiento\/wp-json\/wp\/v2\/types\/post"}],"author":[{"embeddable":true,"href":"https:\/\/www.ciudadrodrigo.es\/ayuntamiento\/wp-json\/wp\/v2\/users\/1"}],"replies":[{"embeddable":true,"href":"https:\/\/www.ciudadrodrigo.es\/ayuntamiento\/wp-json\/wp\/v2\/comments?post=22529"}],"version-history":[{"count":1,"href":"https:\/\/www.ciudadrodrigo.es\/ayuntamiento\/wp-json\/wp\/v2\/posts\/22529\/revisions"}],"predecessor-version":[{"id":22532,"href":"https:\/\/www.ciudadrodrigo.es\/ayuntamiento\/wp-json\/wp\/v2\/posts\/22529\/revisions\/22532"}],"wp:featuredmedia":[{"embeddable":true,"href":"https:\/\/www.ciudadrodrigo.es\/ayuntamiento\/wp-json\/wp\/v2\/media\/22531"}],"wp:attachment":[{"href":"https:\/\/www.ciudadrodrigo.es\/ayuntamiento\/wp-json\/wp\/v2\/media?parent=22529"}],"wp:term":[{"taxonomy":"category","embeddable":true,"href":"https:\/\/www.ciudadrodrigo.es\/ayuntamiento\/wp-json\/wp\/v2\/categories?post=22529"},{"taxonomy":"post_tag","embeddable":true,"href":"https:\/\/www.ciudadrodrigo.es\/ayuntamiento\/wp-json\/wp\/v2\/tags?post=22529"}],"curies":[{"name":"wp","href":"https:\/\/api.w.org\/{rel}","templated":true}]}}