{"id":22617,"date":"2026-01-16T10:00:04","date_gmt":"2026-01-16T09:00:04","guid":{"rendered":"https:\/\/www.ciudadrodrigo.es\/ayuntamiento\/?p=22617"},"modified":"2026-02-03T09:22:16","modified_gmt":"2026-02-03T08:22:16","slug":"xxiii-concurso-de-fotografia-monografico-monumentos-de-ciudad-rodrigo","status":"publish","type":"post","link":"https:\/\/www.ciudadrodrigo.es\/ayuntamiento\/xxiii-concurso-de-fotografia-monografico-monumentos-de-ciudad-rodrigo\/","title":{"rendered":"XXIII Concurso de Fotograf\u00eda Monogr\u00e1fico \u00abMonumentos de Ciudad Rodrigo\u00bb"},"content":{"rendered":"<div class=\"xdj266r x14z9mp xat24cr x1lziwak x1vvkbs x126k92a\">\n<div dir=\"auto\" style=\"text-align: justify;\">El alcalde, Marcos Iglesias, ha presidido el jurado del concurso Monogr\u00e1fico de Fotograf\u00eda, integrado por los delegados Bel\u00e9n Barco y Joana Veloso y el edil Juan Tom\u00e1s Mu\u00f1oz, que ha otorgado los siguientes premios:<\/div>\n<div dir=\"auto\" style=\"text-align: justify;\"><\/div>\n<div dir=\"auto\" style=\"text-align: justify;\">&#8211; Primer Premio dotado con 350 \u20ac y diploma: Roberto Benito por su fotograf\u00eda \u00abD\u00edas de feria\u00bb.<\/div>\n<\/div>\n<div class=\"x14z9mp xat24cr x1lziwak x1vvkbs xtlvy1s x126k92a\">\n<div dir=\"auto\" style=\"text-align: justify;\">&#8211; Segundo premio dotado con 225\u20ac y diploma: \u00c1ngel Manuel Serrano por su fotograf\u00eda \u00abCatedral de Santa Mar\u00eda\u00bb.<\/div>\n<div dir=\"auto\" style=\"text-align: justify;\">&#8211; Acc\u00e9sit dotado con 150 \u20ac y diploma: Manuel Rico Cabrera por su fotograf\u00eda \u00abEl triste ocaso del precioso monasterio de la variedad\u00bb.<\/div>\n<\/div>\n<div dir=\"auto\"><\/div>\n","protected":false},"excerpt":{"rendered":"<p>El alcalde, Marcos Iglesias, ha presidido el jurado del concurso Monogr\u00e1fico de Fotograf\u00eda, integrado por los delegados Bel\u00e9n Barco y Joana Veloso y el edil Juan Tom\u00e1s Mu\u00f1oz, que ha otorgado los siguientes premios: &#8211; Primer Premio dotado con 350 \u20ac y diploma: Roberto Benito por su fotograf\u00eda \u00abD\u00edas de feria\u00bb. &#8211; Segundo premio dotado [&hellip;]<\/p>\n","protected":false},"author":1,"featured_media":22622,"comment_status":"closed","ping_status":"closed","sticky":false,"template":"","format":"standard","meta":{"footnotes":""},"categories":[141,368,147],"tags":[],"class_list":["post-22617","post","type-post","status-publish","format-standard","has-post-thumbnail","hentry","category-actualidad","category-cultura","category-destacados"],"_links":{"self":[{"href":"https:\/\/www.ciudadrodrigo.es\/ayuntamiento\/wp-json\/wp\/v2\/posts\/22617","targetHints":{"allow":["GET"]}}],"collection":[{"href":"https:\/\/www.ciudadrodrigo.es\/ayuntamiento\/wp-json\/wp\/v2\/posts"}],"about":[{"href":"https:\/\/www.ciudadrodrigo.es\/ayuntamiento\/wp-json\/wp\/v2\/types\/post"}],"author":[{"embeddable":true,"href":"https:\/\/www.ciudadrodrigo.es\/ayuntamiento\/wp-json\/wp\/v2\/users\/1"}],"replies":[{"embeddable":true,"href":"https:\/\/www.ciudadrodrigo.es\/ayuntamiento\/wp-json\/wp\/v2\/comments?post=22617"}],"version-history":[{"count":2,"href":"https:\/\/www.ciudadrodrigo.es\/ayuntamiento\/wp-json\/wp\/v2\/posts\/22617\/revisions"}],"predecessor-version":[{"id":22623,"href":"https:\/\/www.ciudadrodrigo.es\/ayuntamiento\/wp-json\/wp\/v2\/posts\/22617\/revisions\/22623"}],"wp:featuredmedia":[{"embeddable":true,"href":"https:\/\/www.ciudadrodrigo.es\/ayuntamiento\/wp-json\/wp\/v2\/media\/22622"}],"wp:attachment":[{"href":"https:\/\/www.ciudadrodrigo.es\/ayuntamiento\/wp-json\/wp\/v2\/media?parent=22617"}],"wp:term":[{"taxonomy":"category","embeddable":true,"href":"https:\/\/www.ciudadrodrigo.es\/ayuntamiento\/wp-json\/wp\/v2\/categories?post=22617"},{"taxonomy":"post_tag","embeddable":true,"href":"https:\/\/www.ciudadrodrigo.es\/ayuntamiento\/wp-json\/wp\/v2\/tags?post=22617"}],"curies":[{"name":"wp","href":"https:\/\/api.w.org\/{rel}","templated":true}]}}