{"id":22909,"date":"2026-03-09T10:02:29","date_gmt":"2026-03-09T09:02:29","guid":{"rendered":"https:\/\/www.ciudadrodrigo.es\/ayuntamiento\/?p=22909"},"modified":"2026-03-09T11:28:48","modified_gmt":"2026-03-09T10:28:48","slug":"abierto-el-plazo-de-solicitudes-v-mercado-artesa","status":"publish","type":"post","link":"https:\/\/www.ciudadrodrigo.es\/ayuntamiento\/abierto-el-plazo-de-solicitudes-v-mercado-artesa\/","title":{"rendered":"Abierto el plazo de solicitudes V Mercado Artesano"},"content":{"rendered":"<p>El Ayuntamiento ha aprobado la convocatoria y las bases de participaci\u00f3n en el V MERCADO ARTESANO CIUDAD RODRIGO 2026.<\/p>\n<p>El plazo de admisi\u00f3n de solicitudes se cerrar\u00e1 el d\u00eda 17 de marzo de 2026, a las 14:00 horas remiti\u00e9ndose las solicitudes de alguna de las siguientes formas:<\/p>\n<p>-Presencialmente: en la oficina de Registro Municipal, si son personas f\u00edsicas o aut\u00f3nomas.<\/p>\n<p>-Telem\u00e1ticamente, a trav\u00e9s de la Sede Electr\u00f3nica del Ayuntamiento de Ciudad Rodrigo, si son personas f\u00edsicas o aut\u00f3nomas y\/o personas o entidades con<br \/>\npersonalidad jur\u00eddica, p\u00e1gina web <a href=\"https:\/\/www.ciudadrodrigo.es\/ayuntamiento\/category\/destacados\/\">www.ciudadrodrigo.es<\/a><\/p>\n<p>Con el objetivo de continuar con la tradici\u00f3n de celebrar el Mercado de Alfarer\u00eda Cer\u00e1mica, durante la Semana Santa, para la adjudicaci\u00f3n de puestos, atendiendo al orden de registro de entrada en el Ayuntamiento, se establecer\u00e1 el siguiente criterio de preferencias:<\/p>\n<p>1\u00ba.- Puestos de Alfarer\u00eda \u2013 Cer\u00e1mica.<br \/>\nEl espacio sobrante, se adjudicar\u00e1 en el orden siguiente:<br \/>\n2\u00ba.- Puestos locales (de oficios artesanales).<br \/>\n3\u00ba.- Resto de puestos artesanales.<\/p>\n<p>Los solicitantes admitidos y en reserva recibir\u00e1n la carta de admisi\u00f3n (por correo electr\u00f3nico), antes del d\u00eda 24 de marzo de 2026, indic\u00e1ndole en la misma la forma de pago de la cuota de participaci\u00f3n. As\u00ed mismo, el listado de participantes admitidos y reservas se har\u00e1 p\u00fablico en el tabl\u00f3n de anuncios municipal, p\u00e1gina web y sede electr\u00f3nica de este Ayuntamiento.<\/p>\n<p>Los artesanos admitidos podr\u00e1n realizar, hasta las 14:00 horas del d\u00eda 30 de marzo de 2026, el ingreso de la cuota de participaci\u00f3n de 35,00 \u20ac, facilit\u00e1ndose para ello un n\u00famero de cuenta bancaria.<\/p>\n<p>A continuaci\u00f3n, pueden descargar las bases reguladoras y la solicitud de participaci\u00f3n:<\/p>\n<p><a href=\"https:\/\/www.ciudadrodrigo.es\/ayuntamiento\/wp-content\/uploads\/2026\/03\/2026_12_SOLICITUD-DE-PARTICIPACION_V-Mercado-Artesano-de-Ciudad-Rodrigo.doc\">2026_12_SOLICITUD DE PARTICIPACI\u00d3N_V Mercado Artesano de Ciudad Rodrigo<\/a><\/p>\n\n","protected":false},"excerpt":{"rendered":"<p>El Ayuntamiento ha aprobado la convocatoria y las bases de participaci\u00f3n en el V MERCADO ARTESANO CIUDAD RODRIGO 2026. El plazo de admisi\u00f3n de solicitudes se cerrar\u00e1 el d\u00eda 17 de marzo de 2026, a las 14:00 horas remiti\u00e9ndose las solicitudes de alguna de las siguientes formas: -Presencialmente: en la oficina de Registro Municipal, si [&hellip;]<\/p>\n","protected":false},"author":1,"featured_media":22912,"comment_status":"closed","ping_status":"closed","sticky":false,"template":"","format":"standard","meta":{"footnotes":""},"categories":[141,147],"tags":[],"class_list":["post-22909","post","type-post","status-publish","format-standard","has-post-thumbnail","hentry","category-actualidad","category-destacados"],"_links":{"self":[{"href":"https:\/\/www.ciudadrodrigo.es\/ayuntamiento\/wp-json\/wp\/v2\/posts\/22909","targetHints":{"allow":["GET"]}}],"collection":[{"href":"https:\/\/www.ciudadrodrigo.es\/ayuntamiento\/wp-json\/wp\/v2\/posts"}],"about":[{"href":"https:\/\/www.ciudadrodrigo.es\/ayuntamiento\/wp-json\/wp\/v2\/types\/post"}],"author":[{"embeddable":true,"href":"https:\/\/www.ciudadrodrigo.es\/ayuntamiento\/wp-json\/wp\/v2\/users\/1"}],"replies":[{"embeddable":true,"href":"https:\/\/www.ciudadrodrigo.es\/ayuntamiento\/wp-json\/wp\/v2\/comments?post=22909"}],"version-history":[{"count":4,"href":"https:\/\/www.ciudadrodrigo.es\/ayuntamiento\/wp-json\/wp\/v2\/posts\/22909\/revisions"}],"predecessor-version":[{"id":22916,"href":"https:\/\/www.ciudadrodrigo.es\/ayuntamiento\/wp-json\/wp\/v2\/posts\/22909\/revisions\/22916"}],"wp:featuredmedia":[{"embeddable":true,"href":"https:\/\/www.ciudadrodrigo.es\/ayuntamiento\/wp-json\/wp\/v2\/media\/22912"}],"wp:attachment":[{"href":"https:\/\/www.ciudadrodrigo.es\/ayuntamiento\/wp-json\/wp\/v2\/media?parent=22909"}],"wp:term":[{"taxonomy":"category","embeddable":true,"href":"https:\/\/www.ciudadrodrigo.es\/ayuntamiento\/wp-json\/wp\/v2\/categories?post=22909"},{"taxonomy":"post_tag","embeddable":true,"href":"https:\/\/www.ciudadrodrigo.es\/ayuntamiento\/wp-json\/wp\/v2\/tags?post=22909"}],"curies":[{"name":"wp","href":"https:\/\/api.w.org\/{rel}","templated":true}]}}