{"id":22961,"date":"2026-03-19T12:12:04","date_gmt":"2026-03-19T11:12:04","guid":{"rendered":"https:\/\/www.ciudadrodrigo.es\/ayuntamiento\/?p=22961"},"modified":"2026-03-19T12:12:04","modified_gmt":"2026-03-19T11:12:04","slug":"version-digital-de-la-revista-de-la-semana-santa-2026","status":"publish","type":"post","link":"https:\/\/www.ciudadrodrigo.es\/ayuntamiento\/version-digital-de-la-revista-de-la-semana-santa-2026\/","title":{"rendered":"Versi\u00f3n digital de la Revista de la Semana Santa 2026"},"content":{"rendered":"<div class=\"xdj266r x14z9mp xat24cr x1lziwak x1vvkbs x126k92a\">\n<div dir=\"auto\">El obispo, Jos\u00e9 Luis Retana; el alcalde, Marcos Iglesias, y la presidenta de Jes\u00fas Nazareno, Marian Cruz, han presentado la Revista de la Semana Santa 2026.<\/div>\n<\/div>\n<div class=\"x14z9mp xat24cr x1lziwak x1vvkbs xtlvy1s x126k92a\">\n<div dir=\"auto\">Marcos Iglesias ha anunciado, ante los representantes de las cofrad\u00edas, el teniente alcalde, Ram\u00f3n Sastre, y otros ediles de la Corporaci\u00f3n, que desde el Ayuntamiento se retoman los tr\u00e1mites para conseguir la declaraci\u00f3n de la Semana Santa como Fiesta de Inter\u00e9s Tur\u00edstico Regional.<\/div>\n<\/div>\n<div class=\"x14z9mp xat24cr x1lziwak x1vvkbs xtlvy1s x126k92a\">\n<div dir=\"auto\"><\/div>\n<div dir=\"auto\">Un intenso calendario de la Pasi\u00f3n que arranca este s\u00e1bado, d\u00eda 21, con el preg\u00f3n que pronunciar\u00e1 el que fuera obispo de Ciudad Rodrigo, Atilano Rodr\u00edguez, a las 20:00 horas en el Teatro Nuevo.<\/div>\n<div dir=\"auto\"><\/div>\n<div dir=\"auto\">Ahora puede consultar y descargar la Revista de la Semana Santa 2026 de Ciudad Rodrigo en formato digital:<\/div>\n<div dir=\"auto\"><\/div>\n<\/div>\n<div dir=\"auto\"><\/div>\n","protected":false},"excerpt":{"rendered":"<p>El obispo, Jos\u00e9 Luis Retana; el alcalde, Marcos Iglesias, y la presidenta de Jes\u00fas Nazareno, Marian Cruz, han presentado la Revista de la Semana Santa 2026. Marcos Iglesias ha anunciado, ante los representantes de las cofrad\u00edas, el teniente alcalde, Ram\u00f3n Sastre, y otros ediles de la Corporaci\u00f3n, que desde el Ayuntamiento se retoman los tr\u00e1mites [&hellip;]<\/p>\n","protected":false},"author":11,"featured_media":22964,"comment_status":"closed","ping_status":"closed","sticky":false,"template":"","format":"standard","meta":{"footnotes":""},"categories":[141,147],"tags":[],"class_list":["post-22961","post","type-post","status-publish","format-standard","has-post-thumbnail","hentry","category-actualidad","category-destacados"],"_links":{"self":[{"href":"https:\/\/www.ciudadrodrigo.es\/ayuntamiento\/wp-json\/wp\/v2\/posts\/22961","targetHints":{"allow":["GET"]}}],"collection":[{"href":"https:\/\/www.ciudadrodrigo.es\/ayuntamiento\/wp-json\/wp\/v2\/posts"}],"about":[{"href":"https:\/\/www.ciudadrodrigo.es\/ayuntamiento\/wp-json\/wp\/v2\/types\/post"}],"author":[{"embeddable":true,"href":"https:\/\/www.ciudadrodrigo.es\/ayuntamiento\/wp-json\/wp\/v2\/users\/11"}],"replies":[{"embeddable":true,"href":"https:\/\/www.ciudadrodrigo.es\/ayuntamiento\/wp-json\/wp\/v2\/comments?post=22961"}],"version-history":[{"count":2,"href":"https:\/\/www.ciudadrodrigo.es\/ayuntamiento\/wp-json\/wp\/v2\/posts\/22961\/revisions"}],"predecessor-version":[{"id":22965,"href":"https:\/\/www.ciudadrodrigo.es\/ayuntamiento\/wp-json\/wp\/v2\/posts\/22961\/revisions\/22965"}],"wp:featuredmedia":[{"embeddable":true,"href":"https:\/\/www.ciudadrodrigo.es\/ayuntamiento\/wp-json\/wp\/v2\/media\/22964"}],"wp:attachment":[{"href":"https:\/\/www.ciudadrodrigo.es\/ayuntamiento\/wp-json\/wp\/v2\/media?parent=22961"}],"wp:term":[{"taxonomy":"category","embeddable":true,"href":"https:\/\/www.ciudadrodrigo.es\/ayuntamiento\/wp-json\/wp\/v2\/categories?post=22961"},{"taxonomy":"post_tag","embeddable":true,"href":"https:\/\/www.ciudadrodrigo.es\/ayuntamiento\/wp-json\/wp\/v2\/tags?post=22961"}],"curies":[{"name":"wp","href":"https:\/\/api.w.org\/{rel}","templated":true}]}}