{"id":23179,"date":"2026-04-22T14:11:39","date_gmt":"2026-04-22T12:11:39","guid":{"rendered":"https:\/\/www.ciudadrodrigo.es\/ayuntamiento\/?p=23179"},"modified":"2026-04-22T14:11:39","modified_gmt":"2026-04-22T12:11:39","slug":"ciudad-rodrigo-acoge-la-exposicion-colores-del-mundo-de-national-geographic","status":"publish","type":"post","link":"https:\/\/www.ciudadrodrigo.es\/ayuntamiento\/ciudad-rodrigo-acoge-la-exposicion-colores-del-mundo-de-national-geographic\/","title":{"rendered":"Ciudad Rodrigo acoge la exposici\u00f3n \u201cColores del mundo\u201d de National Geographic"},"content":{"rendered":"<p class=\"my-2 [&amp;+p]:mt-4 [&amp;_strong:has(+br)]:inline-block [&amp;_strong:has(+br)]:pb-2\">\n<p class=\"my-2 [&amp;+p]:mt-4 [&amp;_strong:has(+br)]:inline-block [&amp;_strong:has(+br)]:pb-2\">Del <strong>27 de mayo al 7 de julio de 2026<\/strong>, la\u00a0<strong>Plaza de Herrasti<\/strong>\u00a0ser\u00e1 el escenario de la exposici\u00f3n\u00a0<strong>\u201cColores del mundo\u201d<\/strong>, una destacada muestra fotogr\u00e1fica de\u00a0<em>National Geographic<\/em>\u00a0que invita a descubrir la riqueza crom\u00e1tica de nuestro planeta.<\/p>\n<p class=\"my-2 [&amp;+p]:mt-4 [&amp;_strong:has(+br)]:inline-block [&amp;_strong:has(+br)]:pb-2\">A trav\u00e9s de una cuidada selecci\u00f3n de im\u00e1genes, la\u00a0exposici\u00f3n propone un recorrido visual por la diversidad de paisajes, culturas y entornos naturales del mundo. Desde la intensidad de la naturaleza hasta los matices de las ciudades y los cielos, las fotograf\u00edas reflejan la mirada \u00fanica de algunos de los m\u00e1s reconocidos fot\u00f3grafos y fot\u00f3grafas a nivel internacional.<\/p>\n<p class=\"my-2 [&amp;+p]:mt-4 [&amp;_strong:has(+br)]:inline-block [&amp;_strong:has(+br)]:pb-2\">Esta iniciativa llega a Ciudad Rodrigo gracias a la colaboraci\u00f3n entre la\u00a0<strong>Fundaci\u00f3n \u201cla Caixa\u201d<\/strong>, el\u00a0<strong>Ayuntamiento de Ciudad Rodrigo<\/strong>\u00a0y\u00a0<em>National Geographic<\/em>, acercando a la ciudadan\u00eda una propuesta cultural de gran calidad.<\/p>\n<p class=\"my-2 [&amp;+p]:mt-4 [&amp;_strong:has(+br)]:inline-block [&amp;_strong:has(+br)]:pb-2\">La exposici\u00f3n est\u00e1 dirigida a todos los p\u00fablicos y ofrece, adem\u00e1s, una excelente oportunidad educativa para centros escolares, profesorado y alumnado, que podr\u00e1n disfrutar de visitas guiadas adaptadas.<\/p>\n<p class=\"my-2 [&amp;+p]:mt-4 [&amp;_strong:has(+br)]:inline-block [&amp;_strong:has(+br)]:pb-2\"><strong>Visitas comentadas para p\u00fablico general<\/strong><\/p>\n<ul class=\"marker:text-quiet list-disc pl-8\">\n<li class=\"py-0 my-0 prose-p:pt-0 prose-p:mb-2 prose-p:my-0 [&amp;&gt;p]:pt-0 [&amp;&gt;p]:mb-2 [&amp;&gt;p]:my-0\">\n<p class=\"my-2 [&amp;+p]:mt-4 [&amp;_strong:has(+br)]:inline-block [&amp;_strong:has(+br)]:pb-2\">S\u00e1bados: 12:00, 17:00 y 18:00 h<\/p>\n<\/li>\n<li class=\"py-0 my-0 prose-p:pt-0 prose-p:mb-2 prose-p:my-0 [&amp;&gt;p]:pt-0 [&amp;&gt;p]:mb-2 [&amp;&gt;p]:my-0\">\n<p class=\"my-2 [&amp;+p]:mt-4 [&amp;_strong:has(+br)]:inline-block [&amp;_strong:has(+br)]:pb-2\">Domingos: 12:00, 13:00 y 17:00 h<\/p>\n<\/li>\n<\/ul>\n<p class=\"my-2 [&amp;+p]:mt-4 [&amp;_strong:has(+br)]:inline-block [&amp;_strong:has(+br)]:pb-2\"><strong>Visitas para grupos escolares y otros colectivos<\/strong><\/p>\n<ul class=\"marker:text-quiet list-disc pl-8\">\n<li class=\"py-0 my-0 prose-p:pt-0 prose-p:mb-2 prose-p:my-0 [&amp;&gt;p]:pt-0 [&amp;&gt;p]:mb-2 [&amp;&gt;p]:my-0\">\n<p class=\"my-2 [&amp;+p]:mt-4 [&amp;_strong:has(+br)]:inline-block [&amp;_strong:has(+br)]:pb-2\">De lunes a viernes: 10:00 a 13:00 h y de 16:00 a 18:00 h<\/p>\n<\/li>\n<li class=\"py-0 my-0 prose-p:pt-0 prose-p:mb-2 prose-p:my-0 [&amp;&gt;p]:pt-0 [&amp;&gt;p]:mb-2 [&amp;&gt;p]:my-0\">\n<p class=\"my-2 [&amp;+p]:mt-4 [&amp;_strong:has(+br)]:inline-block [&amp;_strong:has(+br)]:pb-2\">Reserva previa en el tel\u00e9fono: 900 80 11 37<\/p>\n<\/li>\n<\/ul>\n<p class=\"my-2 [&amp;+p]:mt-4 [&amp;_strong:has(+br)]:inline-block [&amp;_strong:has(+br)]:pb-2\">Para m\u00e1s informaci\u00f3n, se puede consultar la web oficial:<br \/>\n<a href=\"https:\/\/caixaforum.org\/es\/otrasubicaciones\/castilla-leon\/p\/colores-del-mundo-ciudad-rodrigo\" target=\"_blank\" rel=\"noopener\">CaixaForumColoresDelMundo<\/a><\/p>\n","protected":false},"excerpt":{"rendered":"<p>Del 27 de mayo al 7 de julio de 2026, la\u00a0Plaza de Herrasti\u00a0ser\u00e1 el escenario de la exposici\u00f3n\u00a0\u201cColores del mundo\u201d, una destacada muestra fotogr\u00e1fica de\u00a0National Geographic\u00a0que invita a descubrir la riqueza crom\u00e1tica de nuestro planeta. A trav\u00e9s de una cuidada selecci\u00f3n de im\u00e1genes, la\u00a0exposici\u00f3n propone un recorrido visual por la diversidad de paisajes, culturas y [&hellip;]<\/p>\n","protected":false},"author":11,"featured_media":23183,"comment_status":"closed","ping_status":"closed","sticky":false,"template":"","format":"standard","meta":{"footnotes":""},"categories":[141,391,368,147,176],"tags":[],"class_list":["post-23179","post","type-post","status-publish","format-standard","has-post-thumbnail","hentry","category-actualidad","category-comunicacion","category-cultura","category-destacados","category-educacion"],"_links":{"self":[{"href":"https:\/\/www.ciudadrodrigo.es\/ayuntamiento\/wp-json\/wp\/v2\/posts\/23179","targetHints":{"allow":["GET"]}}],"collection":[{"href":"https:\/\/www.ciudadrodrigo.es\/ayuntamiento\/wp-json\/wp\/v2\/posts"}],"about":[{"href":"https:\/\/www.ciudadrodrigo.es\/ayuntamiento\/wp-json\/wp\/v2\/types\/post"}],"author":[{"embeddable":true,"href":"https:\/\/www.ciudadrodrigo.es\/ayuntamiento\/wp-json\/wp\/v2\/users\/11"}],"replies":[{"embeddable":true,"href":"https:\/\/www.ciudadrodrigo.es\/ayuntamiento\/wp-json\/wp\/v2\/comments?post=23179"}],"version-history":[{"count":2,"href":"https:\/\/www.ciudadrodrigo.es\/ayuntamiento\/wp-json\/wp\/v2\/posts\/23179\/revisions"}],"predecessor-version":[{"id":23184,"href":"https:\/\/www.ciudadrodrigo.es\/ayuntamiento\/wp-json\/wp\/v2\/posts\/23179\/revisions\/23184"}],"wp:featuredmedia":[{"embeddable":true,"href":"https:\/\/www.ciudadrodrigo.es\/ayuntamiento\/wp-json\/wp\/v2\/media\/23183"}],"wp:attachment":[{"href":"https:\/\/www.ciudadrodrigo.es\/ayuntamiento\/wp-json\/wp\/v2\/media?parent=23179"}],"wp:term":[{"taxonomy":"category","embeddable":true,"href":"https:\/\/www.ciudadrodrigo.es\/ayuntamiento\/wp-json\/wp\/v2\/categories?post=23179"},{"taxonomy":"post_tag","embeddable":true,"href":"https:\/\/www.ciudadrodrigo.es\/ayuntamiento\/wp-json\/wp\/v2\/tags?post=23179"}],"curies":[{"name":"wp","href":"https:\/\/api.w.org\/{rel}","templated":true}]}}