{"id":23580,"date":"2026-07-09T14:51:26","date_gmt":"2026-07-09T12:51:26","guid":{"rendered":"https:\/\/www.ciudadrodrigo.es\/ayuntamiento\/?p=23580"},"modified":"2026-07-09T14:51:26","modified_gmt":"2026-07-09T12:51:26","slug":"xlii-certamen-de-artes-plasticas-celso-lagar","status":"publish","type":"post","link":"https:\/\/www.ciudadrodrigo.es\/ayuntamiento\/xlii-certamen-de-artes-plasticas-celso-lagar\/","title":{"rendered":"XLII Certamen de Artes Pl\u00e1sticas Celso Lagar"},"content":{"rendered":"<p class=\"PDq2pG_selectionAnchorContainer\" data-start=\"0\" data-end=\"51\"><strong data-start=\"0\" data-end=\"51\">\ud83c\udfa8 XLII Certamen de Artes Pl\u00e1sticas Celso Lagar<\/strong><\/p>\n<p data-start=\"53\" data-end=\"332\">El Ayuntamiento de Ciudad Rodrigo, a trav\u00e9s de la Delegaci\u00f3n de Cultura y Patrimonio, anima a artistas y creadores a participar en una nueva edici\u00f3n del Certamen de Artes Pl\u00e1sticas Celso Lagar, una cita consolidada con la creaci\u00f3n art\u00edstica y la promoci\u00f3n de las artes pl\u00e1sticas.<\/p>\n<p data-start=\"334\" data-end=\"486\">La convocatoria est\u00e1 abierta a todas las personas interesadas, con obras originales e in\u00e9ditas en la modalidad de pintura, de t\u00e9cnica y tem\u00e1tica libres.<\/p>\n<p data-start=\"488\" data-end=\"605\">Las obras podr\u00e1n presentarse en la Casa Municipal de Cultura hasta el <strong data-start=\"561\" data-end=\"604\">18 de agosto de 2026, a las 14:00 horas<\/strong>.<\/p>\n<p data-start=\"607\" data-end=\"773\">El certamen cuenta con un premio de <strong data-start=\"646\" data-end=\"661\">3.000 euros<\/strong> y un acc\u00e9sit de <strong data-start=\"678\" data-end=\"691\">380 euros<\/strong>, adem\u00e1s de la exposici\u00f3n de las obras seleccionadas durante el mes de septiembre.<\/p>\n<p data-start=\"775\" data-end=\"945\">Desde el Ayuntamiento invitamos a participar en este certamen, que contribuye a impulsar el talento art\u00edstico y a seguir enriqueciendo la vida cultural de Ciudad Rodrigo.<\/p>\n<p data-start=\"947\" data-end=\"1062\" data-is-last-node=\"\" data-is-only-node=\"\"><a href=\"https:\/\/www.ciudadrodrigo.es\/ayuntamiento\/wp-content\/uploads\/2026\/07\/2026_8_Bases-XLII-Certamen-de-Artes-Plasticas-Celso-Lagar.pdf\" target=\"_blank\" rel=\"noopener\">Bases XLII Certamen de Artes Pl\u00e1sticas Celso Lagar<\/a><\/p>\n<p data-start=\"947\" data-end=\"1062\" data-is-last-node=\"\" data-is-only-node=\"\"><a href=\"https:\/\/www.ciudadrodrigo.es\/ayuntamiento\/wp-content\/uploads\/2026\/07\/2026_12_Boletin-de-Inscripcion_XLII-Certamen-Artes-Plasticas-Celso-Lagar.doc\" target=\"_blank\" rel=\"noopener\">Bolet\u00edn de Inscripci\u00f3n_XLII Certamen Artes Pl\u00e1sticas Celso Lagar<\/a><\/p>\n<p data-start=\"947\" data-end=\"1062\" data-is-last-node=\"\" data-is-only-node=\"\"><a href=\"https:\/\/www.ciudadrodrigo.es\/ayuntamiento\/wp-content\/uploads\/2026\/07\/2026_12_Autorizacion-inscripcion-menores-18_XLII-Certamen-Artes-Plasticas-Celso-Lagar.doc\" target=\"_blank\" rel=\"noopener\">Autorizaci\u00f3n inscripci\u00f3n menores 18_XLII Certamen Artes Pl\u00e1sticas Celso Lagar<\/a><\/p>\n<p data-start=\"947\" data-end=\"1062\" data-is-last-node=\"\" data-is-only-node=\"\">\n","protected":false},"excerpt":{"rendered":"<p>\ud83c\udfa8 XLII Certamen de Artes Pl\u00e1sticas Celso Lagar El Ayuntamiento de Ciudad Rodrigo, a trav\u00e9s de la Delegaci\u00f3n de Cultura y Patrimonio, anima a artistas y creadores a participar en una nueva edici\u00f3n del Certamen de Artes Pl\u00e1sticas Celso Lagar, una cita consolidada con la creaci\u00f3n art\u00edstica y la promoci\u00f3n de las artes pl\u00e1sticas. La [&hellip;]<\/p>\n","protected":false},"author":11,"featured_media":23584,"comment_status":"closed","ping_status":"closed","sticky":false,"template":"","format":"standard","meta":{"footnotes":""},"categories":[141,368,147],"tags":[],"class_list":["post-23580","post","type-post","status-publish","format-standard","has-post-thumbnail","hentry","category-actualidad","category-cultura","category-destacados"],"_links":{"self":[{"href":"https:\/\/www.ciudadrodrigo.es\/ayuntamiento\/wp-json\/wp\/v2\/posts\/23580","targetHints":{"allow":["GET"]}}],"collection":[{"href":"https:\/\/www.ciudadrodrigo.es\/ayuntamiento\/wp-json\/wp\/v2\/posts"}],"about":[{"href":"https:\/\/www.ciudadrodrigo.es\/ayuntamiento\/wp-json\/wp\/v2\/types\/post"}],"author":[{"embeddable":true,"href":"https:\/\/www.ciudadrodrigo.es\/ayuntamiento\/wp-json\/wp\/v2\/users\/11"}],"replies":[{"embeddable":true,"href":"https:\/\/www.ciudadrodrigo.es\/ayuntamiento\/wp-json\/wp\/v2\/comments?post=23580"}],"version-history":[{"count":1,"href":"https:\/\/www.ciudadrodrigo.es\/ayuntamiento\/wp-json\/wp\/v2\/posts\/23580\/revisions"}],"predecessor-version":[{"id":23585,"href":"https:\/\/www.ciudadrodrigo.es\/ayuntamiento\/wp-json\/wp\/v2\/posts\/23580\/revisions\/23585"}],"wp:featuredmedia":[{"embeddable":true,"href":"https:\/\/www.ciudadrodrigo.es\/ayuntamiento\/wp-json\/wp\/v2\/media\/23584"}],"wp:attachment":[{"href":"https:\/\/www.ciudadrodrigo.es\/ayuntamiento\/wp-json\/wp\/v2\/media?parent=23580"}],"wp:term":[{"taxonomy":"category","embeddable":true,"href":"https:\/\/www.ciudadrodrigo.es\/ayuntamiento\/wp-json\/wp\/v2\/categories?post=23580"},{"taxonomy":"post_tag","embeddable":true,"href":"https:\/\/www.ciudadrodrigo.es\/ayuntamiento\/wp-json\/wp\/v2\/tags?post=23580"}],"curies":[{"name":"wp","href":"https:\/\/api.w.org\/{rel}","templated":true}]}}