{"id":23588,"date":"2026-07-10T14:41:20","date_gmt":"2026-07-10T12:41:20","guid":{"rendered":"https:\/\/www.ciudadrodrigo.es\/ayuntamiento\/?p=23588"},"modified":"2026-08-25T13:52:34","modified_gmt":"2026-08-25T11:52:34","slug":"seleccion-de-7-auxiliares-de-turismo-1-conserje-y-2-peones-de-jardineria-contratados-al-amparo-de-la-orden-iem-321-de-27-de-marzo-de-la-consejeria-de-industria-comercio-y-empleo-planiel2026","status":"publish","type":"post","link":"https:\/\/www.ciudadrodrigo.es\/ayuntamiento\/seleccion-de-7-auxiliares-de-turismo-1-conserje-y-2-peones-de-jardineria-contratados-al-amparo-de-la-orden-iem-321-de-27-de-marzo-de-la-consejeria-de-industria-comercio-y-empleo-planiel2026\/","title":{"rendered":"Selecci\u00f3n de 7 Auxiliares de Turismo, 1 Conserje y 2 Peones de Jardiner\u00eda, contratados al amparo de la Orden IEM\/321\/, de 27 de marzo de la Consejer\u00eda de Industria, Comercio y Empleo (PLANIEL2026)"},"content":{"rendered":"<p><strong>TIPO DE CONTRATO<\/strong>: Contrato para la mejora de la ocupabilidad y la inserci\u00f3n laboral en el marco de los programas de activaci\u00f3n para el empleo.<br \/>\n<strong>RESERVADO<\/strong>: Para personas con discapacidad la plaza de Conserje<br \/>\n<strong>DURACI\u00d3N DEL CONTRATO<\/strong>: 6 meses a jornada completa.<br \/>\n<strong>HORARIO<\/strong>: Flexible. Distribuidos semanalmente respetando el descanso semanal<br \/>\n<strong>EXPERIENCIA<\/strong>: m\u00ednima de seis meses en el puesto de trabajo.<br \/>\n<strong>PROCEDIMIENTO DE SELECCI\u00d3N<\/strong>: Oferta gen\u00e9rica al ECYL, solicitando cinco personas por puesto, y posterior proceso de selecci\u00f3n seg\u00fan bases.<br \/>\n<strong>PRESENTACI\u00d3N DE INSTANCIA Y BAREMACI\u00d3N DE M\u00c9RITOS SEG\u00daN BASES:\u00a0<\/strong>Presentaci\u00f3n de la instancia junto con la justificaci\u00f3n de los item objetos de baremaci\u00f3n:<br \/>\nSe valorar\u00e1 el pertenecer a alguno de los colectivos preferentes:<br \/>\n-Mayores de 45 a\u00f1os: 0,50 puntos.<br \/>\n-Parados de larga duraci\u00f3n: 2 puntos.<br \/>\n-Ser mujer: 0,25 puntos.<br \/>\n-Tener un grado de discapacidad reconocido igual o superior al 33%: 1 punto<\/p>\n<p>La instancia se presentar\u00e1 los d\u00edas en los que se realice la prueba te\u00f3rica\/pr\u00e1ctica:<br \/>\n&#8211; Prueba te\u00f3rica Auxiliares de turismo: d\u00eda 4 de agosto a las 8:30 en el Edificio educativo sito en la calle San Fernando 26.<br \/>\n&#8211; Prueba pr\u00e1ctica Conserje: d\u00eda 4 de agosto a las 11:00 en la Casa de Cultura.<br \/>\n&#8211; Prueba pr\u00e1ctica Jardineros: D\u00eda 5 de agosto a las 8:30 en la nave de jardineros de La Florida.<\/p>\n<p><strong>PROCESO SELECTIVO AUXILIARES DE TURISMO:<\/strong><br \/>\nHOJA PROVISIONAL DE RESPUESTAS: Descargar de documentos adjuntos. Presentaci\u00f3n de alegaciones hasta el 07\/08\/2026<br \/>\nANUNCIO BAREMACI\u00d3N DE M\u00c9RITOS: Descargar de documentos adjuntos. Presentaci\u00f3n de alegaciones hasta el 07\/08\/2026<br \/>\nANUNCIO ESTUDIO ALEGACIONES Y CORRECCI\u00d3N EJERCICIO TE\u00d3RICO: Descargar de documentos adjuntos.<br \/>\nAPERTURA P\u00daBLICA DE SOBRES CON DATOS PERSONALES: Dia 18 de agosto a las 13:00 horas en el sal\u00f3n de plenos del Ayuntamiento<strong><br \/>\n<\/strong>ASIGNACI\u00d3N PUNTUACI\u00d3N EJERCICIO TE\u00d3RICO, PUNTUACI\u00d3N FINAL Y PROPUESTA DE CONTRATACI\u00d3N: Descargar de documentos adjuntos.<br \/>\nRESOLUCI\u00d3N CONTRATACI\u00d3N 7 AUXILIARES DE TURISMO: Descargar de documentos adjuntos.<\/p>\n<p><strong>PROCESO SELECTIVO CONSERJE<\/strong><br \/>\nANUNCIO BAREMACI\u00d3N DE M\u00c9RITOS Y NOTA PRUEBA PR\u00c1CTICA: Descargar de documentos adjuntos. Presentaci\u00f3n de alegaciones hasta el 07\/08\/2026<br \/>\nRESOLUCI\u00d3N CONTRATACI\u00d3N 1 CONSERJE: Descargar de documentos adjuntos.<\/p>\n<p><strong>PROCESO SELECTIVO PEONES JARDINER\u00cdA<\/strong><br \/>\nANUNCIO BAREMACI\u00d3N DE M\u00c9RITOS Y NOTA PRUEBA PR\u00c1CTICA: Descargar de documentos adjuntos. Presentaci\u00f3n de alegaciones hasta el 10\/08\/2026<br \/>\nRESOLUCI\u00d3N CONTRATACI\u00d3N 2 PEONES JARDINERIA: Descargar de documentos adjuntos.<\/p>\n<p><strong>DOCUMENTOS<\/strong>:<\/p>\n<table style=\"border-collapse: collapse; width: 56.2636%; height: 28px;\" border=\"1\">\n<tbody>\n<tr>\n<td style=\"width: 7.27156%;\"><img loading=\"lazy\" decoding=\"async\" class=\"alignnone size-full wp-image-2515\" src=\"https:\/\/www.ciudadrodrigo.es\/ayuntamiento\/wp-content\/uploads\/2018\/04\/iconoDescargaPdf.png\" alt=\"\" width=\"30\" height=\"30\" \/><\/td>\n<td style=\"width: 77.4131%;\">\u00a0<a href=\"https:\/\/www.ciudadrodrigo.es\/ayuntamiento\/wp-content\/uploads\/2026\/07\/Bases-de-convocatoria-planiel-2026.pdf\" target=\"_blank\" rel=\"noopener\">BASES DE LA CONVOCATORIA<\/a><\/td>\n<\/tr>\n<tr>\n<td style=\"width: 7.27156%;\"><img loading=\"lazy\" decoding=\"async\" class=\"alignnone size-full wp-image-2515\" src=\"https:\/\/www.ciudadrodrigo.es\/ayuntamiento\/wp-content\/uploads\/2018\/04\/iconoDescargaPdf.png\" alt=\"\" width=\"30\" height=\"30\" \/><\/td>\n<td style=\"width: 77.4131%;\">\u00a0<a href=\"https:\/\/www.ciudadrodrigo.es\/ayuntamiento\/wp-content\/uploads\/2026\/07\/Hoja-provisional-de-respuestas-del-proceso-selectivo-de-7-auxiliares-de-turismo-Planiel-2026.pdf\" target=\"_blank\" rel=\"noopener\">HOJA PROVISIONAL DE RESPUESTAS AUXILIAR DE TURISMO<\/a><\/td>\n<\/tr>\n<tr>\n<td style=\"width: 7.27156%;\"><img loading=\"lazy\" decoding=\"async\" class=\"alignnone size-full wp-image-2515\" src=\"https:\/\/www.ciudadrodrigo.es\/ayuntamiento\/wp-content\/uploads\/2018\/04\/iconoDescargaPdf.png\" alt=\"\" width=\"30\" height=\"30\" \/><\/td>\n<td style=\"width: 77.4131%;\">\u00a0B<a href=\"https:\/\/www.ciudadrodrigo.es\/ayuntamiento\/wp-content\/uploads\/2026\/07\/Anuncio-baremacion-de-meritos-del-proceso-selectivo-de-7-auxiliares-de-turismo-Planiel-2026.pdf\" target=\"_blank\" rel=\"noopener\">AREMACI\u00d3N M\u00c9RITOS AUXILIARES DE TURISMO<\/a><\/td>\n<\/tr>\n<tr>\n<td style=\"width: 7.27156%;\"><img loading=\"lazy\" decoding=\"async\" class=\"alignnone size-full wp-image-2515\" src=\"https:\/\/www.ciudadrodrigo.es\/ayuntamiento\/wp-content\/uploads\/2018\/04\/iconoDescargaPdf.png\" alt=\"\" width=\"30\" height=\"30\" \/><\/td>\n<td style=\"width: 77.4131%;\">\u00a0<a href=\"https:\/\/www.ciudadrodrigo.es\/ayuntamiento\/wp-content\/uploads\/2026\/07\/Anuncio-notas-seleccion-conserje-Planiel-2026.pdf\" target=\"_blank\" rel=\"noopener\">BAREMACI\u00d3N M\u00c9RITOS Y NOTAS PRUEBA PR\u00c1CTICA CONSERJE<\/a><\/td>\n<\/tr>\n<tr>\n<td style=\"width: 7.27156%;\"><img loading=\"lazy\" decoding=\"async\" class=\"alignnone size-full wp-image-2515\" src=\"https:\/\/www.ciudadrodrigo.es\/ayuntamiento\/wp-content\/uploads\/2018\/04\/iconoDescargaPdf.png\" alt=\"\" width=\"30\" height=\"30\" \/><\/td>\n<td style=\"width: 77.4131%;\">\u00a0<a href=\"https:\/\/www.ciudadrodrigo.es\/ayuntamiento\/wp-content\/uploads\/2026\/07\/Anuncio-puntuacion-seleccion-dos-peones-jardineria-Planiel-2026.pdf\" target=\"_blank\" rel=\"noopener\">BAREMACI\u00d3N M\u00c9RITOS Y NOTAS PRUEBA PR\u00c1CTICA PEONES JARDINER\u00cdA<\/a><\/td>\n<\/tr>\n<tr>\n<td style=\"width: 7.27156%;\"><img decoding=\"async\" src=\"https:\/\/www.ciudadrodrigo.es\/ayuntamiento\/wp-content\/uploads\/2018\/04\/iconoDescargaPdf.png\" \/><\/td>\n<td style=\"width: 77.4131%;\">\u00a0<a href=\"https:\/\/www.ciudadrodrigo.es\/ayuntamiento\/wp-content\/uploads\/2026\/07\/Resolucion-contratacion-2-jardineros-Planiel-2026.pdf\" target=\"_blank\" rel=\"noopener\">RESOLUCI\u00d3N CONTRATACI\u00d3N 2 PEONES JARDINER\u00cdA<\/a><\/td>\n<\/tr>\n<tr>\n<td style=\"width: 7.27156%;\"><img decoding=\"async\" src=\"https:\/\/www.ciudadrodrigo.es\/ayuntamiento\/wp-content\/uploads\/2018\/04\/iconoDescargaPdf.png\" \/><\/td>\n<td style=\"width: 77.4131%;\">\u00a0<a href=\"https:\/\/www.ciudadrodrigo.es\/ayuntamiento\/wp-content\/uploads\/2026\/07\/Anuncio-estudio-alegaciones-y-correccion-ejercicio-teorico-del-proceso-selectivo-de-7-auxiliares-de-turismo.-Planiel-2026.doc.pdf\" target=\"_blank\" rel=\"noopener\">ANUNCIO ESTUDIO ALEGACIONES Y CORRECCI\u00d3N EJERCICIO TE\u00d3RICO AUXILIAR DE TURISMO<\/a><\/td>\n<\/tr>\n<tr>\n<td style=\"width: 7.27156%;\"><img decoding=\"async\" src=\"https:\/\/www.ciudadrodrigo.es\/ayuntamiento\/wp-content\/uploads\/2018\/04\/iconoDescargaPdf.png\" \/><\/td>\n<td style=\"width: 77.4131%;\">\u00a0<a href=\"https:\/\/www.ciudadrodrigo.es\/ayuntamiento\/wp-content\/uploads\/2026\/07\/Resolucion-contratacion-Conserje-Planiel-2026.pdf\" target=\"_blank\" rel=\"noopener\">RESOLUCI\u00d3N CONTRATACI\u00d3N 1 CONSERJE<\/a><\/td>\n<\/tr>\n<tr>\n<td style=\"width: 7.27156%;\"><img decoding=\"async\" src=\"https:\/\/www.ciudadrodrigo.es\/ayuntamiento\/wp-content\/uploads\/2018\/04\/iconoDescargaPdf.png\" \/><\/td>\n<td style=\"width: 77.4131%;\">\u00a0<a href=\"https:\/\/www.ciudadrodrigo.es\/ayuntamiento\/wp-content\/uploads\/2026\/07\/Anuncio-asignacion-notas-primer-ejercicio-puntuacion-total-y-propuesta-de-contratacion.pdf\" target=\"_blank\" rel=\"noopener\">ASIGNACI\u00d3N PUNTUACI\u00d3N EJERCICIO TE\u00d3RICO, PUNTUACI\u00d3N FINAL Y PROPUESTA DE CONTRATACI\u00d3N<\/a><\/td>\n<\/tr>\n<tr>\n<td style=\"width: 7.27156%;\"><img decoding=\"async\" src=\"https:\/\/www.ciudadrodrigo.es\/ayuntamiento\/wp-content\/uploads\/2018\/04\/iconoDescargaPdf.png\" \/><\/td>\n<td style=\"width: 77.4131%;\">\u00a0<a href=\"https:\/\/www.ciudadrodrigo.es\/ayuntamiento\/wp-content\/uploads\/2026\/07\/Resolucion-contratacion-7-Auxiliares-de-Turismo.-Planiel-2026.pdf\" target=\"_blank\" rel=\"noopener\">RESOLUCI\u00d3N CONTRATACI\u00d3N 7 AUXILIARES DE TURISMO<\/a><\/td>\n<\/tr>\n<\/tbody>\n<\/table>\n<p>&nbsp;<\/p>\n","protected":false},"excerpt":{"rendered":"<p>TIPO DE CONTRATO: Contrato para la mejora de la ocupabilidad y la inserci\u00f3n laboral en el marco de los programas de activaci\u00f3n para el empleo. RESERVADO: Para personas con discapacidad la plaza de Conserje DURACI\u00d3N DEL CONTRATO: 6 meses a jornada completa. HORARIO: Flexible. Distribuidos semanalmente respetando el descanso semanal EXPERIENCIA: m\u00ednima de seis meses [&hellip;]<\/p>\n","protected":false},"author":4,"featured_media":0,"comment_status":"closed","ping_status":"closed","sticky":false,"template":"","format":"standard","meta":{"footnotes":""},"categories":[150],"tags":[],"class_list":["post-23588","post","type-post","status-publish","format-standard","hentry","category-convocatorias-de-empleo-publico"],"_links":{"self":[{"href":"https:\/\/www.ciudadrodrigo.es\/ayuntamiento\/wp-json\/wp\/v2\/posts\/23588","targetHints":{"allow":["GET"]}}],"collection":[{"href":"https:\/\/www.ciudadrodrigo.es\/ayuntamiento\/wp-json\/wp\/v2\/posts"}],"about":[{"href":"https:\/\/www.ciudadrodrigo.es\/ayuntamiento\/wp-json\/wp\/v2\/types\/post"}],"author":[{"embeddable":true,"href":"https:\/\/www.ciudadrodrigo.es\/ayuntamiento\/wp-json\/wp\/v2\/users\/4"}],"replies":[{"embeddable":true,"href":"https:\/\/www.ciudadrodrigo.es\/ayuntamiento\/wp-json\/wp\/v2\/comments?post=23588"}],"version-history":[{"count":12,"href":"https:\/\/www.ciudadrodrigo.es\/ayuntamiento\/wp-json\/wp\/v2\/posts\/23588\/revisions"}],"predecessor-version":[{"id":23769,"href":"https:\/\/www.ciudadrodrigo.es\/ayuntamiento\/wp-json\/wp\/v2\/posts\/23588\/revisions\/23769"}],"wp:attachment":[{"href":"https:\/\/www.ciudadrodrigo.es\/ayuntamiento\/wp-json\/wp\/v2\/media?parent=23588"}],"wp:term":[{"taxonomy":"category","embeddable":true,"href":"https:\/\/www.ciudadrodrigo.es\/ayuntamiento\/wp-json\/wp\/v2\/categories?post=23588"},{"taxonomy":"post_tag","embeddable":true,"href":"https:\/\/www.ciudadrodrigo.es\/ayuntamiento\/wp-json\/wp\/v2\/tags?post=23588"}],"curies":[{"name":"wp","href":"https:\/\/api.w.org\/{rel}","templated":true}]}}