{"id":23709,"date":"2026-08-07T14:29:34","date_gmt":"2026-08-07T12:29:34","guid":{"rendered":"https:\/\/www.ciudadrodrigo.es\/ayuntamiento\/?p=23709"},"modified":"2026-09-02T08:05:29","modified_gmt":"2026-09-02T06:05:29","slug":"4-plazas-de-oficial-de-policia-local-por-promocion-interna","status":"publish","type":"post","link":"https:\/\/www.ciudadrodrigo.es\/ayuntamiento\/4-plazas-de-oficial-de-policia-local-por-promocion-interna\/","title":{"rendered":"4 Plazas de Oficial de Polic\u00eda Local por promoci\u00f3n interna"},"content":{"rendered":"<p><strong>R\u00c9GIMEN<\/strong>: funcionario de carrera<br \/>\n<strong>SISTEMA DE SELECCI\u00d3N<\/strong>: promoci\u00f3n interna.<br \/>\n<strong>PUBLICACI\u00d3N BOP<\/strong>:\u00a0 \u00a0<a href=\"https:\/\/sede.diputaciondesalamanca.gob.es\/documentacion\/bop\/2026\/20260818\/BOP-SA-20260818-002.pdf\" target=\"_blank\" rel=\"noopener\">18\/08\/2026<\/a><br \/>\n<strong>PUBLICACI\u00d3N BOCYL<\/strong>:\u00a0 <a href=\"https:\/\/bocyl.jcyl.es\/boletines\/2026\/08\/17\/pdf\/BOCYL-D-17082026-158-41.pdf\" target=\"_blank\" rel=\"noopener\">17\/08\/2026<\/a><br \/>\n<strong>PUBLICACI\u00d3N BOE<\/strong>:\u00a0 \u00a0pendiente de publicar<br \/>\n<strong>PRESENTACI\u00d3N DE SOLICITUDES<\/strong>: 20 d\u00edas h\u00e1biles, a contar desde el siguiente al de la publicaci\u00f3n en extracto en el BOE.<\/p>\n<p><strong>DOCUMENTOS<\/strong>:<\/p>\n<table style=\"border-collapse: collapse; width: 57.2773%; height: 52px;\" border=\"1\">\n<tbody>\n<tr>\n<td style=\"width: 5.75221%;\"><img loading=\"lazy\" decoding=\"async\" class=\"alignnone size-full wp-image-2515\" src=\"https:\/\/www.ciudadrodrigo.es\/ayuntamiento\/wp-content\/uploads\/2018\/04\/iconoDescargaPdf.png\" alt=\"\" width=\"30\" height=\"30\" \/><\/td>\n<td style=\"width: 94.2478%;\">\u00a0<a href=\"https:\/\/www.ciudadrodrigo.es\/ayuntamiento\/wp-content\/uploads\/2026\/08\/Bases-que-han-de-regir-la-convocatoria-y-el-proceso-de-seleccion-cuatro-plazas-oficial-policia-local.pdf\" target=\"_blank\" rel=\"noopener\">BASES DE LA CONVOCATORIA<\/a><\/td>\n<\/tr>\n<tr>\n<td style=\"width: 5.75221%;\"><img loading=\"lazy\" decoding=\"async\" class=\"alignnone size-full wp-image-2609\" src=\"https:\/\/www.ciudadrodrigo.es\/ayuntamiento\/wp-content\/uploads\/2018\/05\/iconoDescargaWord_peq.png\" alt=\"\" width=\"30\" height=\"30\" \/><\/td>\n<td style=\"width: 94.2478%;\">\u00a0<a href=\"https:\/\/www.ciudadrodrigo.es\/ayuntamiento\/wp-content\/uploads\/2026\/08\/INSTANCIA-PLAZAS-OFICIALPOLICIA-LOCAL.doc\" target=\"_blank\" rel=\"noopener\">INSTANCIA<\/a><\/td>\n<\/tr>\n<\/tbody>\n<\/table>\n<p>&nbsp;<\/p>\n","protected":false},"excerpt":{"rendered":"<p>R\u00c9GIMEN: funcionario de carrera SISTEMA DE SELECCI\u00d3N: promoci\u00f3n interna. PUBLICACI\u00d3N BOP:\u00a0 \u00a018\/08\/2026 PUBLICACI\u00d3N BOCYL:\u00a0 17\/08\/2026 PUBLICACI\u00d3N BOE:\u00a0 \u00a0pendiente de publicar PRESENTACI\u00d3N DE SOLICITUDES: 20 d\u00edas h\u00e1biles, a contar desde el siguiente al de la publicaci\u00f3n en extracto en el BOE. DOCUMENTOS: \u00a0BASES DE LA CONVOCATORIA \u00a0INSTANCIA &nbsp;<\/p>\n","protected":false},"author":4,"featured_media":0,"comment_status":"closed","ping_status":"closed","sticky":false,"template":"","format":"standard","meta":{"footnotes":""},"categories":[150],"tags":[],"class_list":["post-23709","post","type-post","status-publish","format-standard","hentry","category-convocatorias-de-empleo-publico"],"_links":{"self":[{"href":"https:\/\/www.ciudadrodrigo.es\/ayuntamiento\/wp-json\/wp\/v2\/posts\/23709","targetHints":{"allow":["GET"]}}],"collection":[{"href":"https:\/\/www.ciudadrodrigo.es\/ayuntamiento\/wp-json\/wp\/v2\/posts"}],"about":[{"href":"https:\/\/www.ciudadrodrigo.es\/ayuntamiento\/wp-json\/wp\/v2\/types\/post"}],"author":[{"embeddable":true,"href":"https:\/\/www.ciudadrodrigo.es\/ayuntamiento\/wp-json\/wp\/v2\/users\/4"}],"replies":[{"embeddable":true,"href":"https:\/\/www.ciudadrodrigo.es\/ayuntamiento\/wp-json\/wp\/v2\/comments?post=23709"}],"version-history":[{"count":4,"href":"https:\/\/www.ciudadrodrigo.es\/ayuntamiento\/wp-json\/wp\/v2\/posts\/23709\/revisions"}],"predecessor-version":[{"id":23805,"href":"https:\/\/www.ciudadrodrigo.es\/ayuntamiento\/wp-json\/wp\/v2\/posts\/23709\/revisions\/23805"}],"wp:attachment":[{"href":"https:\/\/www.ciudadrodrigo.es\/ayuntamiento\/wp-json\/wp\/v2\/media?parent=23709"}],"wp:term":[{"taxonomy":"category","embeddable":true,"href":"https:\/\/www.ciudadrodrigo.es\/ayuntamiento\/wp-json\/wp\/v2\/categories?post=23709"},{"taxonomy":"post_tag","embeddable":true,"href":"https:\/\/www.ciudadrodrigo.es\/ayuntamiento\/wp-json\/wp\/v2\/tags?post=23709"}],"curies":[{"name":"wp","href":"https:\/\/api.w.org\/{rel}","templated":true}]}}