{"id":23759,"date":"2026-08-24T13:05:26","date_gmt":"2026-08-24T11:05:26","guid":{"rendered":"https:\/\/www.ciudadrodrigo.es\/ayuntamiento\/?p=23759"},"modified":"2026-08-27T09:41:41","modified_gmt":"2026-08-27T07:41:41","slug":"estudio-de-detalle-sobre-la-situacion-de-las-parcelas-del-poligono-p-3-6-2-con-ordenanza-6-grado-1-it-del-pgou-de-ciudad-rodrigo","status":"publish","type":"post","link":"https:\/\/www.ciudadrodrigo.es\/ayuntamiento\/estudio-de-detalle-sobre-la-situacion-de-las-parcelas-del-poligono-p-3-6-2-con-ordenanza-6-grado-1-it-del-pgou-de-ciudad-rodrigo\/","title":{"rendered":"Estudio de Detalle sobre la situaci\u00f3n de las parcelas del pol\u00edgono P-3.6-2 con ordenanza 6 grado 1 IT del PGOU de Ciudad Rodrigo"},"content":{"rendered":"<p><strong>APROBACI\u00d3N INICIAL<\/strong><br \/>\nAcuerdo Junta de Gobierno Local: 19\/08\/2026<br \/>\nPublicaci\u00f3n web: 24\/08\/2026<br \/>\nPublicaci\u00f3n BOCYL:\u00a0 <a href=\"https:\/\/bocyl.jcyl.es\/boletines\/2026\/08\/26\/pdf\/BOCYL-D-26082026-165-12.pdf\" target=\"_blank\" rel=\"noopener\">26\/08\/2026<\/a><br \/>\nPublicaci\u00f3n prensa:\u00a0 La Gaceta 27\/08\/2026<br \/>\nPer\u00edodo de informaci\u00f3n p\u00fablica: 1 mes desde la \u00faltima de las publicaciones. Hasta el 28 de septiembre de 2026<\/p>\n<p><strong>DOCUMENTOS:<br \/>\n<\/strong><\/p>\n<table style=\"border-collapse: collapse; width: 45.1122%; height: 29px;\" border=\"1\">\n<tbody>\n<tr>\n<td style=\"width: 7.6244%;\"><img loading=\"lazy\" decoding=\"async\" class=\"alignnone size-full wp-image-2515\" src=\"https:\/\/www.ciudadrodrigo.es\/ayuntamiento\/wp-content\/uploads\/2018\/04\/iconoDescargaPdf.png\" alt=\"\" width=\"30\" height=\"30\" \/><\/td>\n<td style=\"width: 92.3756%;\">\u00a0<a href=\"https:\/\/www.ciudadrodrigo.es\/ayuntamiento\/wp-content\/uploads\/2026\/08\/ESTUDIO-DE-DETALLE-APROBADO-INICIALMENTE-Y-DILIGENCIADO-PARA-PUBLICAR.pdf\" target=\"_blank\" rel=\"noopener\">PROYECTO APROBADO INICIALMENTE<\/a><\/td>\n<\/tr>\n<\/tbody>\n<\/table>\n<p><strong>\u00a0<\/strong><\/p>\n","protected":false},"excerpt":{"rendered":"<p>APROBACI\u00d3N INICIAL Acuerdo Junta de Gobierno Local: 19\/08\/2026 Publicaci\u00f3n web: 24\/08\/2026 Publicaci\u00f3n BOCYL:\u00a0 26\/08\/2026 Publicaci\u00f3n prensa:\u00a0 La Gaceta 27\/08\/2026 Per\u00edodo de informaci\u00f3n p\u00fablica: 1 mes desde la \u00faltima de las publicaciones. Hasta el 28 de septiembre de 2026 DOCUMENTOS: \u00a0PROYECTO APROBADO INICIALMENTE \u00a0<\/p>\n","protected":false},"author":4,"featured_media":0,"comment_status":"closed","ping_status":"closed","sticky":false,"template":"","format":"standard","meta":{"footnotes":""},"categories":[154],"tags":[],"class_list":["post-23759","post","type-post","status-publish","format-standard","hentry","category-normativa-urbanistica-en-tramitacion-planeamiento"],"_links":{"self":[{"href":"https:\/\/www.ciudadrodrigo.es\/ayuntamiento\/wp-json\/wp\/v2\/posts\/23759","targetHints":{"allow":["GET"]}}],"collection":[{"href":"https:\/\/www.ciudadrodrigo.es\/ayuntamiento\/wp-json\/wp\/v2\/posts"}],"about":[{"href":"https:\/\/www.ciudadrodrigo.es\/ayuntamiento\/wp-json\/wp\/v2\/types\/post"}],"author":[{"embeddable":true,"href":"https:\/\/www.ciudadrodrigo.es\/ayuntamiento\/wp-json\/wp\/v2\/users\/4"}],"replies":[{"embeddable":true,"href":"https:\/\/www.ciudadrodrigo.es\/ayuntamiento\/wp-json\/wp\/v2\/comments?post=23759"}],"version-history":[{"count":5,"href":"https:\/\/www.ciudadrodrigo.es\/ayuntamiento\/wp-json\/wp\/v2\/posts\/23759\/revisions"}],"predecessor-version":[{"id":23778,"href":"https:\/\/www.ciudadrodrigo.es\/ayuntamiento\/wp-json\/wp\/v2\/posts\/23759\/revisions\/23778"}],"wp:attachment":[{"href":"https:\/\/www.ciudadrodrigo.es\/ayuntamiento\/wp-json\/wp\/v2\/media?parent=23759"}],"wp:term":[{"taxonomy":"category","embeddable":true,"href":"https:\/\/www.ciudadrodrigo.es\/ayuntamiento\/wp-json\/wp\/v2\/categories?post=23759"},{"taxonomy":"post_tag","embeddable":true,"href":"https:\/\/www.ciudadrodrigo.es\/ayuntamiento\/wp-json\/wp\/v2\/tags?post=23759"}],"curies":[{"name":"wp","href":"https:\/\/api.w.org\/{rel}","templated":true}]}}