{"id":23788,"date":"2026-09-01T09:52:55","date_gmt":"2026-09-01T07:52:55","guid":{"rendered":"https:\/\/www.ciudadrodrigo.es\/ayuntamiento\/?p=23788"},"modified":"2026-09-01T09:54:33","modified_gmt":"2026-09-01T07:54:33","slug":"xxv-feria-del-caballo-2026-del-18-al-20-de-septiembre","status":"publish","type":"post","link":"https:\/\/www.ciudadrodrigo.es\/ayuntamiento\/xxv-feria-del-caballo-2026-del-18-al-20-de-septiembre\/","title":{"rendered":"XXV Feria del Caballo 2026 &#8211; del 18 al 20 de septiembre"},"content":{"rendered":"<p>El alcalde, Marcos Iglesias, ha presentado junto a los delegados de Ferias, Joana Veloso, y de Festejos, V\u00edctor G\u00f3mez, el programa de la XXV Feria del Caballo de Ciudad Rodrigo que se celebrar\u00e1 entre los d\u00edas 18 al 20 de este mes de septiembre.<\/p>\n\n\n","protected":false},"excerpt":{"rendered":"<p>El alcalde, Marcos Iglesias, ha presentado junto a los delegados de Ferias, Joana Veloso, y de Festejos, V\u00edctor G\u00f3mez, el programa de la XXV Feria del Caballo de Ciudad Rodrigo que se celebrar\u00e1 entre los d\u00edas 18 al 20 de este mes de septiembre.<\/p>\n","protected":false},"author":11,"featured_media":23791,"comment_status":"closed","ping_status":"closed","sticky":false,"template":"","format":"standard","meta":{"footnotes":""},"categories":[141,147,376],"tags":[],"class_list":["post-23788","post","type-post","status-publish","format-standard","has-post-thumbnail","hentry","category-actualidad","category-destacados","category-ferias-tradicionales-y-ganaderas"],"_links":{"self":[{"href":"https:\/\/www.ciudadrodrigo.es\/ayuntamiento\/wp-json\/wp\/v2\/posts\/23788","targetHints":{"allow":["GET"]}}],"collection":[{"href":"https:\/\/www.ciudadrodrigo.es\/ayuntamiento\/wp-json\/wp\/v2\/posts"}],"about":[{"href":"https:\/\/www.ciudadrodrigo.es\/ayuntamiento\/wp-json\/wp\/v2\/types\/post"}],"author":[{"embeddable":true,"href":"https:\/\/www.ciudadrodrigo.es\/ayuntamiento\/wp-json\/wp\/v2\/users\/11"}],"replies":[{"embeddable":true,"href":"https:\/\/www.ciudadrodrigo.es\/ayuntamiento\/wp-json\/wp\/v2\/comments?post=23788"}],"version-history":[{"count":3,"href":"https:\/\/www.ciudadrodrigo.es\/ayuntamiento\/wp-json\/wp\/v2\/posts\/23788\/revisions"}],"predecessor-version":[{"id":23794,"href":"https:\/\/www.ciudadrodrigo.es\/ayuntamiento\/wp-json\/wp\/v2\/posts\/23788\/revisions\/23794"}],"wp:featuredmedia":[{"embeddable":true,"href":"https:\/\/www.ciudadrodrigo.es\/ayuntamiento\/wp-json\/wp\/v2\/media\/23791"}],"wp:attachment":[{"href":"https:\/\/www.ciudadrodrigo.es\/ayuntamiento\/wp-json\/wp\/v2\/media?parent=23788"}],"wp:term":[{"taxonomy":"category","embeddable":true,"href":"https:\/\/www.ciudadrodrigo.es\/ayuntamiento\/wp-json\/wp\/v2\/categories?post=23788"},{"taxonomy":"post_tag","embeddable":true,"href":"https:\/\/www.ciudadrodrigo.es\/ayuntamiento\/wp-json\/wp\/v2\/tags?post=23788"}],"curies":[{"name":"wp","href":"https:\/\/api.w.org\/{rel}","templated":true}]}}