{"id":23802,"date":"2026-09-01T14:34:26","date_gmt":"2026-09-01T12:34:26","guid":{"rendered":"https:\/\/www.ciudadrodrigo.es\/ayuntamiento\/?p=23802"},"modified":"2026-09-04T08:06:22","modified_gmt":"2026-09-04T06:06:22","slug":"estudio-de-detalle-para-permitir-la-aparicion-de-determinados-servicios-urbanos-en-el-ambito-del-pas-11-2-del-pgou-de-ciudad-rodrigo","status":"publish","type":"post","link":"https:\/\/www.ciudadrodrigo.es\/ayuntamiento\/estudio-de-detalle-para-permitir-la-aparicion-de-determinados-servicios-urbanos-en-el-ambito-del-pas-11-2-del-pgou-de-ciudad-rodrigo\/","title":{"rendered":"Estudio de detalle para permitir la aparici\u00f3n de determinados servicios urbanos en el \u00e1mbito del PAS 11.2 del PGOU de Ciudad Rodrigo"},"content":{"rendered":"<p><strong>APROBACI\u00d3N INICIAL<\/strong><br \/>\nAcuerdo Junta de Gobierno Local: 31\/08\/2026<br \/>\nPublicaci\u00f3n web: 01\/09\/2026<br \/>\nPublicaci\u00f3n BOCYL: <a href=\"https:\/\/bocyl.jcyl.es\/boletines\/2026\/09\/04\/pdf\/BOCYL-D-04092026-172-36.pdf\" target=\"_blank\" rel=\"noopener\">04\/09\/2026<\/a><br \/>\nPublicaci\u00f3n prensa:\u00a0 pendiente de publicar<br \/>\nPer\u00edodo de informaci\u00f3n p\u00fablica: 1 mes desde la \u00faltima de las publicaciones.<\/p>\n<p><strong>DOCUMENTOS:<br \/>\n<\/strong><\/p>\n<table style=\"border-collapse: collapse; width: 58.0739%; height: 28px;\" border=\"1\">\n<tbody>\n<tr>\n<td style=\"width: 5.48628%;\"><img loading=\"lazy\" decoding=\"async\" class=\"alignnone size-full wp-image-2515\" src=\"https:\/\/www.ciudadrodrigo.es\/ayuntamiento\/wp-content\/uploads\/2018\/04\/iconoDescargaPdf.png\" alt=\"\" width=\"30\" height=\"30\" \/><\/td>\n<td style=\"width: 94.5137%;\">\u00a0<a href=\"https:\/\/www.ciudadrodrigo.es\/ayuntamiento\/wp-content\/uploads\/2026\/09\/ESTUDIO-DE-DETALLE-AMPLIACION-SERVICIOS-URBANOS-PAS-11-2-DILIGENCIADO-Y-FIRMADO-PARA-PUBLICAR.pdf\" target=\"_blank\" rel=\"noopener\">PROYECTO APROBADO INICIALMENTE<\/a><\/td>\n<\/tr>\n<\/tbody>\n<\/table>\n<p><strong>\u00a0<\/strong><\/p>\n","protected":false},"excerpt":{"rendered":"<p>APROBACI\u00d3N INICIAL Acuerdo Junta de Gobierno Local: 31\/08\/2026 Publicaci\u00f3n web: 01\/09\/2026 Publicaci\u00f3n BOCYL: 04\/09\/2026 Publicaci\u00f3n prensa:\u00a0 pendiente de publicar Per\u00edodo de informaci\u00f3n p\u00fablica: 1 mes desde la \u00faltima de las publicaciones. DOCUMENTOS: \u00a0PROYECTO APROBADO INICIALMENTE \u00a0<\/p>\n","protected":false},"author":4,"featured_media":0,"comment_status":"closed","ping_status":"closed","sticky":false,"template":"","format":"standard","meta":{"footnotes":""},"categories":[154],"tags":[],"class_list":["post-23802","post","type-post","status-publish","format-standard","hentry","category-normativa-urbanistica-en-tramitacion-planeamiento"],"_links":{"self":[{"href":"https:\/\/www.ciudadrodrigo.es\/ayuntamiento\/wp-json\/wp\/v2\/posts\/23802","targetHints":{"allow":["GET"]}}],"collection":[{"href":"https:\/\/www.ciudadrodrigo.es\/ayuntamiento\/wp-json\/wp\/v2\/posts"}],"about":[{"href":"https:\/\/www.ciudadrodrigo.es\/ayuntamiento\/wp-json\/wp\/v2\/types\/post"}],"author":[{"embeddable":true,"href":"https:\/\/www.ciudadrodrigo.es\/ayuntamiento\/wp-json\/wp\/v2\/users\/4"}],"replies":[{"embeddable":true,"href":"https:\/\/www.ciudadrodrigo.es\/ayuntamiento\/wp-json\/wp\/v2\/comments?post=23802"}],"version-history":[{"count":2,"href":"https:\/\/www.ciudadrodrigo.es\/ayuntamiento\/wp-json\/wp\/v2\/posts\/23802\/revisions"}],"predecessor-version":[{"id":23818,"href":"https:\/\/www.ciudadrodrigo.es\/ayuntamiento\/wp-json\/wp\/v2\/posts\/23802\/revisions\/23818"}],"wp:attachment":[{"href":"https:\/\/www.ciudadrodrigo.es\/ayuntamiento\/wp-json\/wp\/v2\/media?parent=23802"}],"wp:term":[{"taxonomy":"category","embeddable":true,"href":"https:\/\/www.ciudadrodrigo.es\/ayuntamiento\/wp-json\/wp\/v2\/categories?post=23802"},{"taxonomy":"post_tag","embeddable":true,"href":"https:\/\/www.ciudadrodrigo.es\/ayuntamiento\/wp-json\/wp\/v2\/tags?post=23802"}],"curies":[{"name":"wp","href":"https:\/\/api.w.org\/{rel}","templated":true}]}}