{"id":23810,"date":"2026-09-03T10:23:16","date_gmt":"2026-09-03T08:23:16","guid":{"rendered":"https:\/\/www.ciudadrodrigo.es\/ayuntamiento\/?p=23810"},"modified":"2026-09-03T10:50:34","modified_gmt":"2026-09-03T08:50:34","slug":"cambio-del-sistema-de-actuacion-del-sector-16-2-pgou-de-su-actual-sistema-de-compensacion-al-sistema-de-cooperacion","status":"publish","type":"post","link":"https:\/\/www.ciudadrodrigo.es\/ayuntamiento\/cambio-del-sistema-de-actuacion-del-sector-16-2-pgou-de-su-actual-sistema-de-compensacion-al-sistema-de-cooperacion\/","title":{"rendered":"Cambio del sistema de actuaci\u00f3n del Sector 16.2 PGOU de su actual sistema de compensaci\u00f3n al sistema de cooperaci\u00f3n"},"content":{"rendered":"<p><strong>APROBACI\u00d3N INICIAL<\/strong><br \/>\nAcuerdo: Pleno 19\/08\/2026<br \/>\nPublicaci\u00f3n web: 03\/09\/2026<br \/>\nPublicaci\u00f3n anuncio BOCYL: pendiente de publicar.<br \/>\nPublicaci\u00f3n anuncio prensa: pendiente de publicar.<br \/>\nPlazo de alegaciones: 15 d\u00edas h\u00e1biles a contar desde el d\u00eda siguiente al de la publicaci\u00f3n del \u00faltimo de los anuncios.<\/p>\n<p><strong>DOCUMENTOS<\/strong>:<\/p>\n<table style=\"border-collapse: collapse; width: 45.6191%; height: 10px;\" border=\"1\">\n<tbody>\n<tr>\n<td style=\"width: 6.98413%;\"><img loading=\"lazy\" decoding=\"async\" class=\"alignnone size-full wp-image-2515\" src=\"https:\/\/www.ciudadrodrigo.es\/ayuntamiento\/wp-content\/uploads\/2018\/04\/iconoDescargaPdf.png\" alt=\"\" width=\"30\" height=\"30\" \/><\/td>\n<td style=\"width: 93.0159%;\">\u00a0<a href=\"https:\/\/www.ciudadrodrigo.es\/ayuntamiento\/wp-content\/uploads\/2026\/09\/CERTIFICADO-ACUERDO-PLENO-19-DE-AGOSTO-DE-2026.pdf\" target=\"_blank\" rel=\"noopener\">ACUERDO PLENARIO<\/a><\/td>\n<\/tr>\n<\/tbody>\n<\/table>\n<p>&nbsp;<\/p>\n","protected":false},"excerpt":{"rendered":"<p>APROBACI\u00d3N INICIAL Acuerdo: Pleno 19\/08\/2026 Publicaci\u00f3n web: 03\/09\/2026 Publicaci\u00f3n anuncio BOCYL: pendiente de publicar. Publicaci\u00f3n anuncio prensa: pendiente de publicar. Plazo de alegaciones: 15 d\u00edas h\u00e1biles a contar desde el d\u00eda siguiente al de la publicaci\u00f3n del \u00faltimo de los anuncios. DOCUMENTOS: \u00a0ACUERDO PLENARIO &nbsp;<\/p>\n","protected":false},"author":4,"featured_media":0,"comment_status":"closed","ping_status":"closed","sticky":false,"template":"","format":"standard","meta":{"footnotes":""},"categories":[155],"tags":[],"class_list":["post-23810","post","type-post","status-publish","format-standard","hentry","category-normativa-urbanistica-en-tramitacion-gestion"],"_links":{"self":[{"href":"https:\/\/www.ciudadrodrigo.es\/ayuntamiento\/wp-json\/wp\/v2\/posts\/23810","targetHints":{"allow":["GET"]}}],"collection":[{"href":"https:\/\/www.ciudadrodrigo.es\/ayuntamiento\/wp-json\/wp\/v2\/posts"}],"about":[{"href":"https:\/\/www.ciudadrodrigo.es\/ayuntamiento\/wp-json\/wp\/v2\/types\/post"}],"author":[{"embeddable":true,"href":"https:\/\/www.ciudadrodrigo.es\/ayuntamiento\/wp-json\/wp\/v2\/users\/4"}],"replies":[{"embeddable":true,"href":"https:\/\/www.ciudadrodrigo.es\/ayuntamiento\/wp-json\/wp\/v2\/comments?post=23810"}],"version-history":[{"count":4,"href":"https:\/\/www.ciudadrodrigo.es\/ayuntamiento\/wp-json\/wp\/v2\/posts\/23810\/revisions"}],"predecessor-version":[{"id":23815,"href":"https:\/\/www.ciudadrodrigo.es\/ayuntamiento\/wp-json\/wp\/v2\/posts\/23810\/revisions\/23815"}],"wp:attachment":[{"href":"https:\/\/www.ciudadrodrigo.es\/ayuntamiento\/wp-json\/wp\/v2\/media?parent=23810"}],"wp:term":[{"taxonomy":"category","embeddable":true,"href":"https:\/\/www.ciudadrodrigo.es\/ayuntamiento\/wp-json\/wp\/v2\/categories?post=23810"},{"taxonomy":"post_tag","embeddable":true,"href":"https:\/\/www.ciudadrodrigo.es\/ayuntamiento\/wp-json\/wp\/v2\/tags?post=23810"}],"curies":[{"name":"wp","href":"https:\/\/api.w.org\/{rel}","templated":true}]}}