{"id":3162,"date":"2018-06-04T09:03:52","date_gmt":"2018-06-04T09:03:52","guid":{"rendered":"http:\/\/www.ciudadrodrigo.es\/ayuntamiento\/?p=3162"},"modified":"2018-06-21T10:48:38","modified_gmt":"2018-06-21T10:48:38","slug":"escuela-municipal-de-musica-matriculaciones","status":"publish","type":"post","link":"https:\/\/www.ciudadrodrigo.es\/ayuntamiento\/escuela-municipal-de-musica-matriculaciones\/","title":{"rendered":"ESCUELA MUNICIPAL DE M\u00daSICA. MATRICULACIONES"},"content":{"rendered":"<h2 style=\"text-align: center;\">MATRICULACI\u00d3N EN ESCUELA MUNICIPAL DE M\u00daSICA<\/h2>\n<p>Ciudad Rodrigo, 26-abril -2018. Desde la Delegaci\u00f3n de Cultura del Ayuntamiento de Ciudad Rodrigo se comunica que los interesados en cursar estudios musicales para el curso 2018\/2019 podr\u00e1 hacerlo mediante solicitud que recoger\u00e1 y entregar\u00e1 en la Escuela Municipal de M\u00fasica \u201cJuan Esquivel de Barahona\u201d en la calle La B\u00e1scula, n\u00ba 18, en el horario de 9:00 a 13:00 h., de acuerdo con el calendario siguiente:<\/p>\n<p>&#8211; <strong>ALUMNOS DE NUEVO INGRESO<\/strong><\/p>\n<p>Plazo de Prematr\u00edcula: del 2 al 16 de mayo<\/p>\n<p>Listas Provisionales de Prematr\u00edculas: 21 de mayo<\/p>\n<p>Plazo de Reclamaci\u00f3n del 23 al 25 mayo<\/p>\n<p>Listas definitivas de Prematr\u00edculas 29 de mayo<\/p>\n<p>Plazo de Matr\u00edcula del 1 al 15 de junio<\/p>\n<p>Las ense\u00f1anzas musicales que se podr\u00e1n solicitar son las siguientes:<\/p>\n<p>Iniciaci\u00f3n Musical I, para los nacidos en 2014<\/p>\n<p>Iniciaci\u00f3n Musical II, para los nacidos en 2013<\/p>\n<p>Formaci\u00f3n B\u00e1sica Musical I, para los nacidos en 2012<\/p>\n<p>Formaci\u00f3n B\u00e1sica Musical II, para los nacidos en 2011<\/p>\n<p>Lenguaje Musical e Instrumento, para los nacidos en 2010 y anteriores al 2010, en sus dos categor\u00edas infantil y adulto. Siendo los instrumentos que oferta la Escuela: piano, clarinete, saxof\u00f3n, tromb\u00f3n, trompa, guitarra, viol\u00edn, viola, trompeta, flauta travesera, violonchelo, acorde\u00f3n y percusi\u00f3n.<\/p>\n<p>Y por \u00faltimo podr\u00e1 solicitar actividades de Conjunto Instrumental y Vocal.<\/p>\n","protected":false},"excerpt":{"rendered":"<p>MATRICULACI\u00d3N EN ESCUELA MUNICIPAL DE M\u00daSICA Ciudad Rodrigo, 26-abril -2018. Desde la Delegaci\u00f3n de Cultura del Ayuntamiento de Ciudad Rodrigo se comunica que los interesados en cursar estudios musicales para el curso 2018\/2019 podr\u00e1 hacerlo mediante solicitud que recoger\u00e1 y entregar\u00e1 en la Escuela Municipal de M\u00fasica \u201cJuan Esquivel de Barahona\u201d en la calle La [&hellip;]<\/p>\n","protected":false},"author":1,"featured_media":0,"comment_status":"closed","ping_status":"closed","sticky":false,"template":"","format":"standard","meta":{"footnotes":""},"categories":[141,147],"tags":[],"class_list":["post-3162","post","type-post","status-publish","format-standard","hentry","category-actualidad","category-destacados"],"_links":{"self":[{"href":"https:\/\/www.ciudadrodrigo.es\/ayuntamiento\/wp-json\/wp\/v2\/posts\/3162","targetHints":{"allow":["GET"]}}],"collection":[{"href":"https:\/\/www.ciudadrodrigo.es\/ayuntamiento\/wp-json\/wp\/v2\/posts"}],"about":[{"href":"https:\/\/www.ciudadrodrigo.es\/ayuntamiento\/wp-json\/wp\/v2\/types\/post"}],"author":[{"embeddable":true,"href":"https:\/\/www.ciudadrodrigo.es\/ayuntamiento\/wp-json\/wp\/v2\/users\/1"}],"replies":[{"embeddable":true,"href":"https:\/\/www.ciudadrodrigo.es\/ayuntamiento\/wp-json\/wp\/v2\/comments?post=3162"}],"version-history":[{"count":1,"href":"https:\/\/www.ciudadrodrigo.es\/ayuntamiento\/wp-json\/wp\/v2\/posts\/3162\/revisions"}],"predecessor-version":[{"id":3169,"href":"https:\/\/www.ciudadrodrigo.es\/ayuntamiento\/wp-json\/wp\/v2\/posts\/3162\/revisions\/3169"}],"wp:attachment":[{"href":"https:\/\/www.ciudadrodrigo.es\/ayuntamiento\/wp-json\/wp\/v2\/media?parent=3162"}],"wp:term":[{"taxonomy":"category","embeddable":true,"href":"https:\/\/www.ciudadrodrigo.es\/ayuntamiento\/wp-json\/wp\/v2\/categories?post=3162"},{"taxonomy":"post_tag","embeddable":true,"href":"https:\/\/www.ciudadrodrigo.es\/ayuntamiento\/wp-json\/wp\/v2\/tags?post=3162"}],"curies":[{"name":"wp","href":"https:\/\/api.w.org\/{rel}","templated":true}]}}