{"id":4470,"date":"2018-08-29T11:07:30","date_gmt":"2018-08-29T11:07:30","guid":{"rendered":"http:\/\/www.ciudadrodrigo.es\/ayuntamiento\/?p=4470"},"modified":"2018-08-29T11:07:30","modified_gmt":"2018-08-29T11:07:30","slug":"legalizacion-de-explotacion-equina-en-extensivo-y-sus-instalaciones-en-parcela-26-del-poligono-24","status":"publish","type":"post","link":"https:\/\/www.ciudadrodrigo.es\/ayuntamiento\/legalizacion-de-explotacion-equina-en-extensivo-y-sus-instalaciones-en-parcela-26-del-poligono-24\/","title":{"rendered":"Legalizaci\u00f3n de explotaci\u00f3n equina en extensivo y sus instalaciones en parcela 26 del pol\u00edgono 24."},"content":{"rendered":"<p><em><strong>\u00d3RGANO QUE ACUERDA LA INFORMACI\u00d3N P\u00daBLICA:<\/strong><\/em> Alcald\u00eda.<br \/>\n<em><strong>PUBLICACI\u00d3N BOCYL:<\/strong><\/em> 17\/04\/2017<br \/>\n<em><strong>PUBLICACI\u00d3N WEB:<\/strong><\/em> 5 abril de 2017.<br \/>\n<em><strong>PUBLICACI\u00d3N DIARIO:<\/strong><\/em> El Norte de Castilla del 21 de abril de 2017.<br \/>\n<em><strong>PRESENTACI\u00d3N DE ALEGACIONES<\/strong><\/em>: hasta el d\u00eda 17 de mayo de 2017.<\/p>\n<p><span style=\"text-decoration: underline;\"><strong>DOCUMENTOS:<\/strong><\/span><\/p>\n<table style=\"height: 103px;\" width=\"496\">\n<tbody>\n<tr>\n<td style=\"width: 30px; text-align: left; vertical-align: middle;\"><img loading=\"lazy\" decoding=\"async\" class=\"alignleft size-full wp-image-2515\" src=\"http:\/\/www.ciudadrodrigo.es\/ayuntamiento\/wp-content\/uploads\/2018\/04\/iconoDescargaPdf.png\" alt=\"iconodescargapdf\" width=\"30\" height=\"30\" \/><\/td>\n<td>\u00a0<a href=\"http:\/\/www.ciudadrodrigo.es\/ayuntamiento\/wp-content\/uploads\/2018\/06\/Solicitud-de-la-interesada-parcela-26.pdf\" target=\"_blank\">Solicitud de la interesada.<\/a><\/td>\n<\/tr>\n<tr>\n<td style=\"width: 30px; text-align: left; vertical-align: middle;\"><img loading=\"lazy\" decoding=\"async\" class=\"alignleft size-full wp-image-2515\" src=\"http:\/\/www.ciudadrodrigo.es\/ayuntamiento\/wp-content\/uploads\/2018\/04\/iconoDescargaPdf.png\" alt=\"iconodescargapdf\" width=\"30\" height=\"30\" \/><\/td>\n<td>\u00a0<a href=\"http:\/\/www.ciudadrodrigo.es\/ayuntamiento\/wp-content\/uploads\/2018\/06\/Anuncio-parcela-26.pdf\" target=\"_blank\">Anuncio.<\/a><\/td>\n<\/tr>\n<tr>\n<td style=\"width: 30px; text-align: left; vertical-align: middle;\"><img loading=\"lazy\" decoding=\"async\" class=\"alignleft size-full wp-image-2515\" src=\"http:\/\/www.ciudadrodrigo.es\/ayuntamiento\/wp-content\/uploads\/2018\/04\/iconoDescargaPdf.png\" alt=\"iconodescargapdf\" width=\"30\" height=\"30\" \/><\/td>\n<td>\u00a0<a href=\"http:\/\/www.ciudadrodrigo.es\/ayuntamiento\/wp-content\/uploads\/2018\/06\/Anuncio-Bocyl-parcela-26.pdf\" target=\"_blank\">Anuncio B.O.C.Y.L.<\/a><\/td>\n<\/tr>\n<\/tbody>\n<\/table>\n<p><\/p>\n","protected":false},"excerpt":{"rendered":"<p>\u00d3RGANO QUE ACUERDA LA INFORMACI\u00d3N P\u00daBLICA: Alcald\u00eda. PUBLICACI\u00d3N BOCYL: 17\/04\/2017 PUBLICACI\u00d3N WEB: 5 abril de 2017. PUBLICACI\u00d3N DIARIO: El Norte de Castilla del 21 de abril de 2017. PRESENTACI\u00d3N DE ALEGACIONES: hasta el d\u00eda 17 de mayo de 2017. DOCUMENTOS: \u00a0Solicitud de la interesada. \u00a0Anuncio. \u00a0Anuncio B.O.C.Y.L.<\/p>\n","protected":false},"author":1,"featured_media":0,"comment_status":"closed","ping_status":"closed","sticky":false,"template":"","format":"standard","meta":{"footnotes":""},"categories":[151],"tags":[],"class_list":["post-4470","post","type-post","status-publish","format-standard","hentry","category-urbanismo-autorizaciones-de-uso-excepcional"],"_links":{"self":[{"href":"https:\/\/www.ciudadrodrigo.es\/ayuntamiento\/wp-json\/wp\/v2\/posts\/4470","targetHints":{"allow":["GET"]}}],"collection":[{"href":"https:\/\/www.ciudadrodrigo.es\/ayuntamiento\/wp-json\/wp\/v2\/posts"}],"about":[{"href":"https:\/\/www.ciudadrodrigo.es\/ayuntamiento\/wp-json\/wp\/v2\/types\/post"}],"author":[{"embeddable":true,"href":"https:\/\/www.ciudadrodrigo.es\/ayuntamiento\/wp-json\/wp\/v2\/users\/1"}],"replies":[{"embeddable":true,"href":"https:\/\/www.ciudadrodrigo.es\/ayuntamiento\/wp-json\/wp\/v2\/comments?post=4470"}],"version-history":[{"count":1,"href":"https:\/\/www.ciudadrodrigo.es\/ayuntamiento\/wp-json\/wp\/v2\/posts\/4470\/revisions"}],"predecessor-version":[{"id":4471,"href":"https:\/\/www.ciudadrodrigo.es\/ayuntamiento\/wp-json\/wp\/v2\/posts\/4470\/revisions\/4471"}],"wp:attachment":[{"href":"https:\/\/www.ciudadrodrigo.es\/ayuntamiento\/wp-json\/wp\/v2\/media?parent=4470"}],"wp:term":[{"taxonomy":"category","embeddable":true,"href":"https:\/\/www.ciudadrodrigo.es\/ayuntamiento\/wp-json\/wp\/v2\/categories?post=4470"},{"taxonomy":"post_tag","embeddable":true,"href":"https:\/\/www.ciudadrodrigo.es\/ayuntamiento\/wp-json\/wp\/v2\/tags?post=4470"}],"curies":[{"name":"wp","href":"https:\/\/api.w.org\/{rel}","templated":true}]}}