{"id":4483,"date":"2018-08-29T11:39:06","date_gmt":"2018-08-29T11:39:06","guid":{"rendered":"http:\/\/www.ciudadrodrigo.es\/ayuntamiento\/?p=4483"},"modified":"2018-08-29T11:39:06","modified_gmt":"2018-08-29T11:39:06","slug":"construccion-de-nave-vinculada-a-la-explotacion-porcina-en-la-parcela-77-del-poligono-25","status":"publish","type":"post","link":"https:\/\/www.ciudadrodrigo.es\/ayuntamiento\/construccion-de-nave-vinculada-a-la-explotacion-porcina-en-la-parcela-77-del-poligono-25\/","title":{"rendered":"Construcci\u00f3n de nave vinculada a la explotaci\u00f3n porcina en la parcela 77 del pol\u00edgono 25"},"content":{"rendered":"<p><em><strong>\u00d3RGANO QUE ORDENA LA INFORMACI\u00d3N P\u00daBLICA:<\/strong><\/em> Alcald\u00eda.<br \/>\n<em><strong>PUBLICACI\u00d3N BOCYL:<\/strong><\/em> 12\/09\/2017<br \/>\n<em><strong>PUBLICACI\u00d3N WEB:<\/strong><\/em> 7 de septiembre de 2017.<br \/>\n<em><strong>PUBLICACI\u00d3N PRENSA:<\/strong><\/em> El Norte de Castilla de 13 de septiembre de 2017<br \/>\n<em><strong>PRESENTACI\u00d3N DE ALEGACIONES:<\/strong><\/em> 20 d\u00edas a contar desde el d\u00eda siguiente al de la publicaci\u00f3n del anuncio en el BOCYL, es decir hasta el 10\/10\/2017<\/p>\n<p><span style=\"text-decoration: underline;\"><strong>DOCUMENTOS:<\/strong><\/span><\/p>\n<table style=\"height: 103px;\" width=\"496\">\n<tbody>\n<tr>\n<td style=\"width: 30px; text-align: left; vertical-align: middle;\"><img loading=\"lazy\" decoding=\"async\" class=\"alignleft size-full wp-image-2515\" src=\"http:\/\/www.ciudadrodrigo.es\/ayuntamiento\/wp-content\/uploads\/2018\/04\/iconoDescargaPdf.png\" alt=\"iconodescargapdf\" width=\"30\" height=\"30\" \/><\/td>\n<td>\u00a0<a href=\"http:\/\/www.ciudadrodrigo.es\/ayuntamiento\/wp-content\/uploads\/2018\/06\/ANUNCIO_BOCYL-3.pdf\" target=\"_blank\">Anuncio.<\/a><\/td>\n<\/tr>\n<tr>\n<td style=\"width: 30px; text-align: left; vertical-align: middle;\"><img loading=\"lazy\" decoding=\"async\" class=\"alignleft size-full wp-image-2515\" src=\"http:\/\/www.ciudadrodrigo.es\/ayuntamiento\/wp-content\/uploads\/2018\/04\/iconoDescargaPdf.png\" alt=\"iconodescargapdf\" width=\"30\" height=\"30\" \/><\/td>\n<td>\u00a0<a href=\"http:\/\/www.ciudadrodrigo.es\/ayuntamiento\/wp-content\/uploads\/2018\/06\/MEMORIA-parcela77.pdf\" target=\"_blank\">Memoria.<\/a><\/td>\n<\/tr>\n<\/tbody>\n<\/table>\n<p><\/p>\n","protected":false},"excerpt":{"rendered":"<p>\u00d3RGANO QUE ORDENA LA INFORMACI\u00d3N P\u00daBLICA: Alcald\u00eda. PUBLICACI\u00d3N BOCYL: 12\/09\/2017 PUBLICACI\u00d3N WEB: 7 de septiembre de 2017. PUBLICACI\u00d3N PRENSA: El Norte de Castilla de 13 de septiembre de 2017 PRESENTACI\u00d3N DE ALEGACIONES: 20 d\u00edas a contar desde el d\u00eda siguiente al de la publicaci\u00f3n del anuncio en el BOCYL, es decir hasta el 10\/10\/2017 DOCUMENTOS: [&hellip;]<\/p>\n","protected":false},"author":1,"featured_media":0,"comment_status":"closed","ping_status":"closed","sticky":false,"template":"","format":"standard","meta":{"footnotes":""},"categories":[151],"tags":[],"class_list":["post-4483","post","type-post","status-publish","format-standard","hentry","category-urbanismo-autorizaciones-de-uso-excepcional"],"_links":{"self":[{"href":"https:\/\/www.ciudadrodrigo.es\/ayuntamiento\/wp-json\/wp\/v2\/posts\/4483","targetHints":{"allow":["GET"]}}],"collection":[{"href":"https:\/\/www.ciudadrodrigo.es\/ayuntamiento\/wp-json\/wp\/v2\/posts"}],"about":[{"href":"https:\/\/www.ciudadrodrigo.es\/ayuntamiento\/wp-json\/wp\/v2\/types\/post"}],"author":[{"embeddable":true,"href":"https:\/\/www.ciudadrodrigo.es\/ayuntamiento\/wp-json\/wp\/v2\/users\/1"}],"replies":[{"embeddable":true,"href":"https:\/\/www.ciudadrodrigo.es\/ayuntamiento\/wp-json\/wp\/v2\/comments?post=4483"}],"version-history":[{"count":1,"href":"https:\/\/www.ciudadrodrigo.es\/ayuntamiento\/wp-json\/wp\/v2\/posts\/4483\/revisions"}],"predecessor-version":[{"id":4484,"href":"https:\/\/www.ciudadrodrigo.es\/ayuntamiento\/wp-json\/wp\/v2\/posts\/4483\/revisions\/4484"}],"wp:attachment":[{"href":"https:\/\/www.ciudadrodrigo.es\/ayuntamiento\/wp-json\/wp\/v2\/media?parent=4483"}],"wp:term":[{"taxonomy":"category","embeddable":true,"href":"https:\/\/www.ciudadrodrigo.es\/ayuntamiento\/wp-json\/wp\/v2\/categories?post=4483"},{"taxonomy":"post_tag","embeddable":true,"href":"https:\/\/www.ciudadrodrigo.es\/ayuntamiento\/wp-json\/wp\/v2\/tags?post=4483"}],"curies":[{"name":"wp","href":"https:\/\/api.w.org\/{rel}","templated":true}]}}