{"id":4485,"date":"2018-08-29T11:40:17","date_gmt":"2018-08-29T11:40:17","guid":{"rendered":"http:\/\/www.ciudadrodrigo.es\/ayuntamiento\/?p=4485"},"modified":"2018-08-29T11:40:17","modified_gmt":"2018-08-29T11:40:17","slug":"legalizacion-de-explotacion-de-ganado-vacuno-de-precebo-en-parcela-68-del-poligono-14","status":"publish","type":"post","link":"https:\/\/www.ciudadrodrigo.es\/ayuntamiento\/legalizacion-de-explotacion-de-ganado-vacuno-de-precebo-en-parcela-68-del-poligono-14\/","title":{"rendered":"Legalizaci\u00f3n de explotaci\u00f3n de ganado vacuno de precebo en parcela 68 del pol\u00edgono 14"},"content":{"rendered":"<p><em><strong>\u00d3RGANO QUE ORDENA LA INFORMACI\u00d3N P\u00daBLICA:<\/strong><\/em> Alcald\u00eda.<br \/>\n<em><strong>PUBLICACI\u00d3N BOCYL:<\/strong> <\/em>25 de octubre de 2017.<br \/>\n<em><strong>PUBLICACI\u00d3N WEB:<\/strong><\/em> 18 de octubre de 2017.<br \/>\n<em><strong>PUBLICACI\u00d3N PRENSA:<\/strong><\/em> el Norte de Castilla del 27 de octubre de 2017.<br \/>\n<em><strong>PRESENTACI\u00d3N DE ALEGACIONES:<\/strong><\/em> Hasta el 22 de noviembre de 2017<\/p>\n<p><span style=\"text-decoration: underline;\"><strong>DOCUMENTOS:<\/strong><\/span><\/p>\n<table style=\"height: 103px;\" width=\"496\">\n<tbody>\n<tr>\n<td style=\"width: 30px; text-align: left; vertical-align: middle;\"><img loading=\"lazy\" decoding=\"async\" class=\"alignleft size-full wp-image-2515\" src=\"http:\/\/www.ciudadrodrigo.es\/ayuntamiento\/wp-content\/uploads\/2018\/04\/iconoDescargaPdf.png\" alt=\"iconodescargapdf\" width=\"30\" height=\"30\" \/><\/td>\n<td>\u00a0<a href=\"http:\/\/www.ciudadrodrigo.es\/ayuntamiento\/wp-content\/uploads\/2018\/06\/ANUNCIO-BOCYL.pdf\" target=\"_blank\">Anuncio.<\/a><\/td>\n<\/tr>\n<tr>\n<td style=\"width: 30px; text-align: left; vertical-align: middle;\"><img loading=\"lazy\" decoding=\"async\" class=\"alignleft size-full wp-image-2515\" src=\"http:\/\/www.ciudadrodrigo.es\/ayuntamiento\/wp-content\/uploads\/2018\/04\/iconoDescargaPdf.png\" alt=\"iconodescargapdf\" width=\"30\" height=\"30\" \/><\/td>\n<td>\u00a0<a href=\"http:\/\/www.ciudadrodrigo.es\/ayuntamiento\/wp-content\/uploads\/2018\/06\/MEMORIA-USO-EXCEPCIONAL-MIGUEL-ANGEL-PEREZ-RICO.pdf\" target=\"_blank\">Memoria.<\/a><\/td>\n<\/tr>\n<\/tbody>\n<\/table>\n<p><\/p>\n","protected":false},"excerpt":{"rendered":"<p>\u00d3RGANO QUE ORDENA LA INFORMACI\u00d3N P\u00daBLICA: Alcald\u00eda. PUBLICACI\u00d3N BOCYL: 25 de octubre de 2017. PUBLICACI\u00d3N WEB: 18 de octubre de 2017. PUBLICACI\u00d3N PRENSA: el Norte de Castilla del 27 de octubre de 2017. PRESENTACI\u00d3N DE ALEGACIONES: Hasta el 22 de noviembre de 2017 DOCUMENTOS: \u00a0Anuncio. \u00a0Memoria.<\/p>\n","protected":false},"author":1,"featured_media":0,"comment_status":"closed","ping_status":"closed","sticky":false,"template":"","format":"standard","meta":{"footnotes":""},"categories":[151],"tags":[],"class_list":["post-4485","post","type-post","status-publish","format-standard","hentry","category-urbanismo-autorizaciones-de-uso-excepcional"],"_links":{"self":[{"href":"https:\/\/www.ciudadrodrigo.es\/ayuntamiento\/wp-json\/wp\/v2\/posts\/4485","targetHints":{"allow":["GET"]}}],"collection":[{"href":"https:\/\/www.ciudadrodrigo.es\/ayuntamiento\/wp-json\/wp\/v2\/posts"}],"about":[{"href":"https:\/\/www.ciudadrodrigo.es\/ayuntamiento\/wp-json\/wp\/v2\/types\/post"}],"author":[{"embeddable":true,"href":"https:\/\/www.ciudadrodrigo.es\/ayuntamiento\/wp-json\/wp\/v2\/users\/1"}],"replies":[{"embeddable":true,"href":"https:\/\/www.ciudadrodrigo.es\/ayuntamiento\/wp-json\/wp\/v2\/comments?post=4485"}],"version-history":[{"count":1,"href":"https:\/\/www.ciudadrodrigo.es\/ayuntamiento\/wp-json\/wp\/v2\/posts\/4485\/revisions"}],"predecessor-version":[{"id":4486,"href":"https:\/\/www.ciudadrodrigo.es\/ayuntamiento\/wp-json\/wp\/v2\/posts\/4485\/revisions\/4486"}],"wp:attachment":[{"href":"https:\/\/www.ciudadrodrigo.es\/ayuntamiento\/wp-json\/wp\/v2\/media?parent=4485"}],"wp:term":[{"taxonomy":"category","embeddable":true,"href":"https:\/\/www.ciudadrodrigo.es\/ayuntamiento\/wp-json\/wp\/v2\/categories?post=4485"},{"taxonomy":"post_tag","embeddable":true,"href":"https:\/\/www.ciudadrodrigo.es\/ayuntamiento\/wp-json\/wp\/v2\/tags?post=4485"}],"curies":[{"name":"wp","href":"https:\/\/api.w.org\/{rel}","templated":true}]}}