{"id":4491,"date":"2018-08-29T11:44:20","date_gmt":"2018-08-29T11:44:20","guid":{"rendered":"http:\/\/www.ciudadrodrigo.es\/ayuntamiento\/?p=4491"},"modified":"2018-08-29T11:44:20","modified_gmt":"2018-08-29T11:44:20","slug":"legalizacion-de-nave-y-tenada-en-parcela-4-del-poligono-23-vinculada-a-la-explotacion-porcina","status":"publish","type":"post","link":"https:\/\/www.ciudadrodrigo.es\/ayuntamiento\/legalizacion-de-nave-y-tenada-en-parcela-4-del-poligono-23-vinculada-a-la-explotacion-porcina\/","title":{"rendered":"Legalizaci\u00f3n de nave y tenada en parcela 4 del pol\u00edgono 23 vinculada a la explotaci\u00f3n porcina"},"content":{"rendered":"<p><em><strong>\u00d3RGANO QUE ORDENA LA INFORMACI\u00d3N P\u00daBLICA:<\/strong><\/em> Alcald\u00eda.<br \/>\n<em><strong>PUBLICACI\u00d3N BOCYL:<\/strong><\/em> 27 de febrero de 2018.<br \/>\n<strong><em>PUBLICACI\u00d3N WEB:<\/em><\/strong> 20\/02\/2018<br \/>\n<strong><em>PUBLICACI\u00d3N PRENSA:<\/em><\/strong> El Norte de Castilla de 3 de marzo de 2018<br \/>\n<strong><em>PRESENTACI\u00d3N DE ALEGACIONES:<\/em><\/strong> Hasta las 14:00 horas del d\u00eda 27 de marzo de 2018.<\/p>\n<p><span style=\"text-decoration: underline;\"><strong>DOCUMENTOS:<\/strong><\/span><\/p>\n<table style=\"height: 103px;\" width=\"496\">\n<tbody>\n<tr>\n<td style=\"width: 30px; text-align: left; vertical-align: middle;\"><img loading=\"lazy\" decoding=\"async\" class=\"alignleft size-full wp-image-2515\" src=\"http:\/\/www.ciudadrodrigo.es\/ayuntamiento\/wp-content\/uploads\/2018\/04\/iconoDescargaPdf.png\" alt=\"iconodescargapdf\" width=\"30\" height=\"30\" \/><\/td>\n<td>\u00a0<a href=\"http:\/\/www.ciudadrodrigo.es\/ayuntamiento\/wp-content\/uploads\/2018\/06\/ANUNCIO_BOCYL-1.pdf\" target=\"_blank\">Anuncio.<\/a><\/td>\n<\/tr>\n<tr>\n<td style=\"width: 30px; text-align: left; vertical-align: middle;\"><img loading=\"lazy\" decoding=\"async\" class=\"alignleft size-full wp-image-2515\" src=\"http:\/\/www.ciudadrodrigo.es\/ayuntamiento\/wp-content\/uploads\/2018\/04\/iconoDescargaPdf.png\" alt=\"iconodescargapdf\" width=\"30\" height=\"30\" \/><\/td>\n<td>\u00a0<a href=\"https:\/\/www.ciudadrodrigo.es\/ayuntamiento\/wp-content\/uploads\/2018\/06\/PROYECTO_PORCINO_CEBO_ANA_YAJAIRA.pdf\" target=\"_blank\">Memoria.<\/a><\/td>\n<\/tr>\n<\/tbody>\n<\/table>\n<p><\/p>\n","protected":false},"excerpt":{"rendered":"<p>\u00d3RGANO QUE ORDENA LA INFORMACI\u00d3N P\u00daBLICA: Alcald\u00eda. PUBLICACI\u00d3N BOCYL: 27 de febrero de 2018. PUBLICACI\u00d3N WEB: 20\/02\/2018 PUBLICACI\u00d3N PRENSA: El Norte de Castilla de 3 de marzo de 2018 PRESENTACI\u00d3N DE ALEGACIONES: Hasta las 14:00 horas del d\u00eda 27 de marzo de 2018. DOCUMENTOS: \u00a0Anuncio. \u00a0Memoria.<\/p>\n","protected":false},"author":1,"featured_media":0,"comment_status":"closed","ping_status":"closed","sticky":false,"template":"","format":"standard","meta":{"footnotes":""},"categories":[151],"tags":[],"class_list":["post-4491","post","type-post","status-publish","format-standard","hentry","category-urbanismo-autorizaciones-de-uso-excepcional"],"_links":{"self":[{"href":"https:\/\/www.ciudadrodrigo.es\/ayuntamiento\/wp-json\/wp\/v2\/posts\/4491","targetHints":{"allow":["GET"]}}],"collection":[{"href":"https:\/\/www.ciudadrodrigo.es\/ayuntamiento\/wp-json\/wp\/v2\/posts"}],"about":[{"href":"https:\/\/www.ciudadrodrigo.es\/ayuntamiento\/wp-json\/wp\/v2\/types\/post"}],"author":[{"embeddable":true,"href":"https:\/\/www.ciudadrodrigo.es\/ayuntamiento\/wp-json\/wp\/v2\/users\/1"}],"replies":[{"embeddable":true,"href":"https:\/\/www.ciudadrodrigo.es\/ayuntamiento\/wp-json\/wp\/v2\/comments?post=4491"}],"version-history":[{"count":1,"href":"https:\/\/www.ciudadrodrigo.es\/ayuntamiento\/wp-json\/wp\/v2\/posts\/4491\/revisions"}],"predecessor-version":[{"id":4492,"href":"https:\/\/www.ciudadrodrigo.es\/ayuntamiento\/wp-json\/wp\/v2\/posts\/4491\/revisions\/4492"}],"wp:attachment":[{"href":"https:\/\/www.ciudadrodrigo.es\/ayuntamiento\/wp-json\/wp\/v2\/media?parent=4491"}],"wp:term":[{"taxonomy":"category","embeddable":true,"href":"https:\/\/www.ciudadrodrigo.es\/ayuntamiento\/wp-json\/wp\/v2\/categories?post=4491"},{"taxonomy":"post_tag","embeddable":true,"href":"https:\/\/www.ciudadrodrigo.es\/ayuntamiento\/wp-json\/wp\/v2\/tags?post=4491"}],"curies":[{"name":"wp","href":"https:\/\/api.w.org\/{rel}","templated":true}]}}