{"id":4499,"date":"2018-08-29T11:50:10","date_gmt":"2018-08-29T11:50:10","guid":{"rendered":"http:\/\/www.ciudadrodrigo.es\/ayuntamiento\/?p=4499"},"modified":"2018-09-10T11:38:29","modified_gmt":"2018-09-10T11:38:29","slug":"autorizacion-de-uso-provisional-para-construccion-de-almacen-bodega-en-camino-san-agustin-sector-20-interesada-por-solados-parrilla-alicatados-mirobriga-s-l","status":"publish","type":"post","link":"https:\/\/www.ciudadrodrigo.es\/ayuntamiento\/autorizacion-de-uso-provisional-para-construccion-de-almacen-bodega-en-camino-san-agustin-sector-20-interesada-por-solados-parrilla-alicatados-mirobriga-s-l\/","title":{"rendered":"Autorizaci\u00f3n de uso provisional para construcci\u00f3n de almac\u00e9n bodega en camino San Agust\u00edn sector 20, interesada por solados parrilla alicatados Mir\u00f3briga S.L."},"content":{"rendered":"<p><em><strong>\u00d3RGANO QUE ORDENA LA PUBLICACI\u00d3N:<\/strong><\/em> Alcald\u00eda.<br \/>\n<em><strong>PUBLICACI\u00d3N BOCYL:<\/strong><\/em>\u00a03 de Septiembre de 2018.<br \/>\n<em><strong>PUBLICACI\u00d3N WEB: <\/strong><\/em>27 de Agosto de 2018.<br \/>\n<em><strong>PUBLICACI\u00d3N PRENSA:<\/strong><\/em> El Norte de Castilla de 7 de septiembre de 2018.<br \/>\n<em><strong>PRESENTACI\u00d3N DE ALEGACIONES:<\/strong><\/em> Hasta las 14:00 horas del d\u00eda 1 de octubre de 2018.<\/p>\n<p><span style=\"text-decoration: underline;\"><strong>DOCUMENTOS:<\/strong><\/span><\/p>\n<table style=\"height: 49px;\" width=\"490\">\n<tbody>\n<tr>\n<td style=\"width: 30px; text-align: left; vertical-align: middle;\"><img loading=\"lazy\" decoding=\"async\" class=\"alignleft size-full wp-image-2515\" src=\"http:\/\/www.ciudadrodrigo.es\/ayuntamiento\/wp-content\/uploads\/2018\/04\/iconoDescargaPdf.png\" alt=\"iconodescargapdf\" width=\"30\" height=\"30\" \/><\/td>\n<td>\u00a0<a href=\"http:\/\/www.ciudadrodrigo.es\/ayuntamiento\/wp-content\/uploads\/2018\/08\/MEMORIA-caminoSanAgustin-sector20.pdf\" target=\"_blank\">Memoria.<\/a><\/td>\n<\/tr>\n<\/tbody>\n<\/table>\n<p>&nbsp;<\/p>\n","protected":false},"excerpt":{"rendered":"<p>\u00d3RGANO QUE ORDENA LA PUBLICACI\u00d3N: Alcald\u00eda. PUBLICACI\u00d3N BOCYL:\u00a03 de Septiembre de 2018. PUBLICACI\u00d3N WEB: 27 de Agosto de 2018. PUBLICACI\u00d3N PRENSA: El Norte de Castilla de 7 de septiembre de 2018. PRESENTACI\u00d3N DE ALEGACIONES: Hasta las 14:00 horas del d\u00eda 1 de octubre de 2018. DOCUMENTOS: \u00a0Memoria. &nbsp;<\/p>\n","protected":false},"author":1,"featured_media":0,"comment_status":"closed","ping_status":"closed","sticky":false,"template":"","format":"standard","meta":{"footnotes":""},"categories":[151],"tags":[],"class_list":["post-4499","post","type-post","status-publish","format-standard","hentry","category-urbanismo-autorizaciones-de-uso-excepcional"],"_links":{"self":[{"href":"https:\/\/www.ciudadrodrigo.es\/ayuntamiento\/wp-json\/wp\/v2\/posts\/4499","targetHints":{"allow":["GET"]}}],"collection":[{"href":"https:\/\/www.ciudadrodrigo.es\/ayuntamiento\/wp-json\/wp\/v2\/posts"}],"about":[{"href":"https:\/\/www.ciudadrodrigo.es\/ayuntamiento\/wp-json\/wp\/v2\/types\/post"}],"author":[{"embeddable":true,"href":"https:\/\/www.ciudadrodrigo.es\/ayuntamiento\/wp-json\/wp\/v2\/users\/1"}],"replies":[{"embeddable":true,"href":"https:\/\/www.ciudadrodrigo.es\/ayuntamiento\/wp-json\/wp\/v2\/comments?post=4499"}],"version-history":[{"count":3,"href":"https:\/\/www.ciudadrodrigo.es\/ayuntamiento\/wp-json\/wp\/v2\/posts\/4499\/revisions"}],"predecessor-version":[{"id":4565,"href":"https:\/\/www.ciudadrodrigo.es\/ayuntamiento\/wp-json\/wp\/v2\/posts\/4499\/revisions\/4565"}],"wp:attachment":[{"href":"https:\/\/www.ciudadrodrigo.es\/ayuntamiento\/wp-json\/wp\/v2\/media?parent=4499"}],"wp:term":[{"taxonomy":"category","embeddable":true,"href":"https:\/\/www.ciudadrodrigo.es\/ayuntamiento\/wp-json\/wp\/v2\/categories?post=4499"},{"taxonomy":"post_tag","embeddable":true,"href":"https:\/\/www.ciudadrodrigo.es\/ayuntamiento\/wp-json\/wp\/v2\/tags?post=4499"}],"curies":[{"name":"wp","href":"https:\/\/api.w.org\/{rel}","templated":true}]}}