{"id":4686,"date":"2018-10-01T11:50:14","date_gmt":"2018-10-01T11:50:14","guid":{"rendered":"http:\/\/www.ciudadrodrigo.es\/ayuntamiento\/?p=4686"},"modified":"2018-10-01T11:50:14","modified_gmt":"2018-10-01T11:50:14","slug":"plan-parcial-del-sector-21","status":"publish","type":"post","link":"https:\/\/www.ciudadrodrigo.es\/ayuntamiento\/plan-parcial-del-sector-21\/","title":{"rendered":"Plan Parcial del Sector 21."},"content":{"rendered":"<p>Plan Parcial del Sector 21.<\/p>\n<p><em><strong>CATEGOR\u00cdA:<\/strong><\/em>\u00a0Plan parcial.<br \/>\n<em><strong>ACUERDO (\u00f3rgano y fechas):<\/strong><\/em> Aprobaci\u00f3n Inicial, Resoluci\u00f3n de la Alcald\u00eda n\u00ba 530\/2006, de 22 de agosto. Aprobaci\u00f3n Definitiva, acuerdo de Pleno de 31\/08\/2007.<br \/>\n<em><strong>DESCRIPCI\u00d3N Y \u00c1MBITO DE APLICACI\u00d3N:<\/strong><\/em> Plan Parcial zona comprendida entre las calles Voladero y Tormes y Avenidas de Bejar y Agust\u00edn de Fox\u00e1.<br \/>\n<em><strong>PROMOTOR:<\/strong><\/em> Junta de Compensaci\u00f3n.<br \/>\n<em><strong>PUNTO DE INFORMACI\u00d3N:<\/strong><\/em>\u00a0Ayuntamiento de Ciudad Rodrigo. Plaza Mayor 27. Primera planta. Servicio de Urbanismo.<br \/>\n<strong><em>FECHAS DE PUBLICACI\u00d3N:<\/em><\/strong> Aprobaci\u00f3n Definitiva, BOCYL de 24\/09\/2007.<\/p>\n<p><span style=\"text-decoration: underline;\"><em><strong><br \/>\nDOCUMENTOS:<\/strong><\/em><\/span><\/p>\n<table style=\"height: 86px;\" width=\"244\">\n<tbody>\n<tr>\n<td style=\"width: 30px; text-align: left; vertical-align: middle;\"><img loading=\"lazy\" decoding=\"async\" class=\"alignleft size-full wp-image-2515\" src=\"http:\/\/www.ciudadrodrigo.es\/ayuntamiento\/wp-content\/uploads\/2018\/05\/iconoDescargaZIPpeq.png\" alt=\"iconodescargazippeq\" width=\"30\" height=\"30\" \/><\/td>\n<td>\u00a0 <a href=\"http:\/\/www.ciudadrodrigo.es\/ayuntamiento\/wp-content\/uploads\/2018\/10\/PLANOS-plan-parcial-sector-21.zip\" target=\"_blank\">Planos.<\/a><\/td>\n<\/tr>\n<tr>\n<td style=\"width: 30px; text-align: left; vertical-align: middle;\"><img loading=\"lazy\" decoding=\"async\" class=\"alignleft size-full wp-image-2515\" src=\"http:\/\/www.ciudadrodrigo.es\/ayuntamiento\/wp-content\/uploads\/2018\/05\/iconoDescargaZIPpeq.png\" alt=\"iconodescargazippeq\" width=\"30\" height=\"30\" \/><\/td>\n<td>\u00a0 <a href=\"http:\/\/www.ciudadrodrigo.es\/ayuntamiento\/wp-content\/uploads\/2018\/10\/Memorias-y-fichas-plan-parcial-sector-21.zip\" target=\"_blank\">Memorias y Fichas.<\/a><\/td>\n<\/tr>\n<\/tbody>\n<\/table>\n<p>&nbsp;<\/p>\n","protected":false},"excerpt":{"rendered":"<p>Plan Parcial del Sector 21. CATEGOR\u00cdA:\u00a0Plan parcial. ACUERDO (\u00f3rgano y fechas): Aprobaci\u00f3n Inicial, Resoluci\u00f3n de la Alcald\u00eda n\u00ba 530\/2006, de 22 de agosto. Aprobaci\u00f3n Definitiva, acuerdo de Pleno de 31\/08\/2007. DESCRIPCI\u00d3N Y \u00c1MBITO DE APLICACI\u00d3N: Plan Parcial zona comprendida entre las calles Voladero y Tormes y Avenidas de Bejar y Agust\u00edn de Fox\u00e1. PROMOTOR: Junta [&hellip;]<\/p>\n","protected":false},"author":1,"featured_media":0,"comment_status":"closed","ping_status":"closed","sticky":false,"template":"","format":"standard","meta":{"footnotes":""},"categories":[152],"tags":[],"class_list":["post-4686","post","type-post","status-publish","format-standard","hentry","category-normativa-urbanistica-de-aplicacion-planeamiento"],"_links":{"self":[{"href":"https:\/\/www.ciudadrodrigo.es\/ayuntamiento\/wp-json\/wp\/v2\/posts\/4686","targetHints":{"allow":["GET"]}}],"collection":[{"href":"https:\/\/www.ciudadrodrigo.es\/ayuntamiento\/wp-json\/wp\/v2\/posts"}],"about":[{"href":"https:\/\/www.ciudadrodrigo.es\/ayuntamiento\/wp-json\/wp\/v2\/types\/post"}],"author":[{"embeddable":true,"href":"https:\/\/www.ciudadrodrigo.es\/ayuntamiento\/wp-json\/wp\/v2\/users\/1"}],"replies":[{"embeddable":true,"href":"https:\/\/www.ciudadrodrigo.es\/ayuntamiento\/wp-json\/wp\/v2\/comments?post=4686"}],"version-history":[{"count":1,"href":"https:\/\/www.ciudadrodrigo.es\/ayuntamiento\/wp-json\/wp\/v2\/posts\/4686\/revisions"}],"predecessor-version":[{"id":4689,"href":"https:\/\/www.ciudadrodrigo.es\/ayuntamiento\/wp-json\/wp\/v2\/posts\/4686\/revisions\/4689"}],"wp:attachment":[{"href":"https:\/\/www.ciudadrodrigo.es\/ayuntamiento\/wp-json\/wp\/v2\/media?parent=4686"}],"wp:term":[{"taxonomy":"category","embeddable":true,"href":"https:\/\/www.ciudadrodrigo.es\/ayuntamiento\/wp-json\/wp\/v2\/categories?post=4686"},{"taxonomy":"post_tag","embeddable":true,"href":"https:\/\/www.ciudadrodrigo.es\/ayuntamiento\/wp-json\/wp\/v2\/tags?post=4686"}],"curies":[{"name":"wp","href":"https:\/\/api.w.org\/{rel}","templated":true}]}}