{"id":4691,"date":"2018-10-02T10:44:57","date_gmt":"2018-10-02T10:44:57","guid":{"rendered":"http:\/\/www.ciudadrodrigo.es\/ayuntamiento\/?p=4691"},"modified":"2018-10-02T12:20:04","modified_gmt":"2018-10-02T12:20:04","slug":"modificacion-puntual-del-parcial-del-sector-15-2","status":"publish","type":"post","link":"https:\/\/www.ciudadrodrigo.es\/ayuntamiento\/modificacion-puntual-del-parcial-del-sector-15-2\/","title":{"rendered":"Modificaci\u00f3n puntual del Parcial del Sector 15.2"},"content":{"rendered":"<p><strong>Modificaci\u00f3n puntual del Parcial del Sector 15.2<\/strong><\/p>\n<p><em><strong>CATEGOR\u00cdA:<\/strong><\/em> Modificaci\u00f3n puntual del Plan Parcial.<br \/>\n<em><strong>ACUERDO (\u00f3rgano y fechas):<\/strong><\/em> Aprobaci\u00f3n inicial: Junta de Gobierno Local de 5\/07\/2012. Aprobaci\u00f3n definitiva Pleno de 30\/08\/2012.<br \/>\n<em><strong>DESCRIPCI\u00d3N Y \u00c1MBITO DE APLICACI\u00d3N:<\/strong><\/em> Cambio altura de la parcela comercial a 6,50 m.<br \/>\n<em><strong>PROMOTOR:<\/strong><\/em> RALORE, SLU (modificaci\u00f3n).<br \/>\n<em><strong>PUNTO DE INFORMACI\u00d3N:<\/strong><\/em>\u00a0Ayuntamiento de Ciudad Rodrigo. Plaza Mayor 27. Primera planta. Servicio de Urbanismo.<br \/>\n<strong><em>FECHAS DE PUBLICACI\u00d3N:<\/em><\/strong> Aprobaci\u00f3n Definitiva: BOCYL de 7\/11\/2012.<\/p>\n<p><span style=\"text-decoration: underline;\"><em><strong><br \/>\nDOCUMENTOS:<\/strong><\/em><\/span><\/p>\n<table style=\"height: 39px;\" width=\"199\">\n<tbody>\n<tr>\n<td style=\"width: 30px; text-align: left; vertical-align: middle;\"><img loading=\"lazy\" decoding=\"async\" class=\"alignleft size-full wp-image-2515\" src=\"http:\/\/www.ciudadrodrigo.es\/ayuntamiento\/wp-content\/uploads\/2018\/04\/iconoDescargaPdf.png\" alt=\"iconodescargapdf\" width=\"30\" height=\"30\" \/><\/td>\n<td>\u00a0 <a href=\"http:\/\/www.ciudadrodrigo.es\/ayuntamiento\/wp-content\/uploads\/2018\/10\/memoria-modificacion-plan-parcial-sector-15-2.pdf\" target=\"_blank\">Memoria.<\/a><\/td>\n<\/tr>\n<\/tbody>\n<\/table>\n<p>&nbsp;<\/p>\n","protected":false},"excerpt":{"rendered":"<p>Modificaci\u00f3n puntual del Parcial del Sector 15.2 CATEGOR\u00cdA: Modificaci\u00f3n puntual del Plan Parcial. ACUERDO (\u00f3rgano y fechas): Aprobaci\u00f3n inicial: Junta de Gobierno Local de 5\/07\/2012. Aprobaci\u00f3n definitiva Pleno de 30\/08\/2012. DESCRIPCI\u00d3N Y \u00c1MBITO DE APLICACI\u00d3N: Cambio altura de la parcela comercial a 6,50 m. PROMOTOR: RALORE, SLU (modificaci\u00f3n). PUNTO DE INFORMACI\u00d3N:\u00a0Ayuntamiento de Ciudad Rodrigo. Plaza [&hellip;]<\/p>\n","protected":false},"author":1,"featured_media":0,"comment_status":"closed","ping_status":"closed","sticky":false,"template":"","format":"standard","meta":{"footnotes":""},"categories":[152],"tags":[],"class_list":["post-4691","post","type-post","status-publish","format-standard","hentry","category-normativa-urbanistica-de-aplicacion-planeamiento"],"_links":{"self":[{"href":"https:\/\/www.ciudadrodrigo.es\/ayuntamiento\/wp-json\/wp\/v2\/posts\/4691","targetHints":{"allow":["GET"]}}],"collection":[{"href":"https:\/\/www.ciudadrodrigo.es\/ayuntamiento\/wp-json\/wp\/v2\/posts"}],"about":[{"href":"https:\/\/www.ciudadrodrigo.es\/ayuntamiento\/wp-json\/wp\/v2\/types\/post"}],"author":[{"embeddable":true,"href":"https:\/\/www.ciudadrodrigo.es\/ayuntamiento\/wp-json\/wp\/v2\/users\/1"}],"replies":[{"embeddable":true,"href":"https:\/\/www.ciudadrodrigo.es\/ayuntamiento\/wp-json\/wp\/v2\/comments?post=4691"}],"version-history":[{"count":1,"href":"https:\/\/www.ciudadrodrigo.es\/ayuntamiento\/wp-json\/wp\/v2\/posts\/4691\/revisions"}],"predecessor-version":[{"id":4693,"href":"https:\/\/www.ciudadrodrigo.es\/ayuntamiento\/wp-json\/wp\/v2\/posts\/4691\/revisions\/4693"}],"wp:attachment":[{"href":"https:\/\/www.ciudadrodrigo.es\/ayuntamiento\/wp-json\/wp\/v2\/media?parent=4691"}],"wp:term":[{"taxonomy":"category","embeddable":true,"href":"https:\/\/www.ciudadrodrigo.es\/ayuntamiento\/wp-json\/wp\/v2\/categories?post=4691"},{"taxonomy":"post_tag","embeddable":true,"href":"https:\/\/www.ciudadrodrigo.es\/ayuntamiento\/wp-json\/wp\/v2\/tags?post=4691"}],"curies":[{"name":"wp","href":"https:\/\/api.w.org\/{rel}","templated":true}]}}