{"id":4694,"date":"2018-10-02T11:07:37","date_gmt":"2018-10-02T11:07:37","guid":{"rendered":"http:\/\/www.ciudadrodrigo.es\/ayuntamiento\/?p=4694"},"modified":"2018-10-02T11:07:37","modified_gmt":"2018-10-02T11:07:37","slug":"plan-parcial-sector-15-2","status":"publish","type":"post","link":"https:\/\/www.ciudadrodrigo.es\/ayuntamiento\/plan-parcial-sector-15-2\/","title":{"rendered":"Plan Parcial Sector 15.2"},"content":{"rendered":"<p><strong>Plan Parcial Sector 15.2<\/strong><\/p>\n<p><em><strong>CATEGOR\u00cdA:<\/strong><\/em> Plan Parcial.<br \/>\n<em><strong>ACUERDO (\u00f3rgano y fechas):<\/strong><\/em> Aprobaci\u00f3n Inicial, Resoluci\u00f3n de la Alcald\u00eda n\u00ba 533\/2008, de 30 de junio. Aprobaci\u00f3n Definitiva, acuerdo de Pleno de 26\/08\/2009.<br \/>\n<em><strong>DESCRIPCI\u00d3N Y \u00c1MBITO DE APLICACI\u00d3N:<\/strong><\/em> Plan Parcial zona Avenida de Salamanca, calle Alfareros y calle de los Gremios.<br \/>\n<em><strong>PROMOTOR:<\/strong><\/em> Ferm\u00edn S\u00e1nchez Cepa y otros.<br \/>\n<em><strong>PUNTO DE INFORMACI\u00d3N:<\/strong><\/em>\u00a0Ayuntamiento de Ciudad Rodrigo. Plaza Mayor 27. Primera planta. Servicio de Urbanismo.<br \/>\n<strong><em>FECHAS DE PUBLICACI\u00d3N:<\/em><\/strong> Aprobaci\u00f3n\u00a0 definitiva BOCYL, 29\/09\/2009.<\/p>\n<p><span style=\"text-decoration: underline;\"><em><strong><br \/>\nDOCUMENTOS:<\/strong><\/em><\/span><\/p>\n<table style=\"height: 39px;\" width=\"199\">\n<tbody>\n<tr>\n<td style=\"width: 30px; text-align: left; vertical-align: middle;\"><img loading=\"lazy\" decoding=\"async\" class=\"alignleft size-full wp-image-2515\" src=\"http:\/\/www.ciudadrodrigo.es\/ayuntamiento\/wp-content\/uploads\/2018\/04\/iconoDescargaPdf.png\" alt=\"iconodescargapdf\" width=\"30\" height=\"30\" \/><\/td>\n<td>\u00a0 <a href=\"http:\/\/www.ciudadrodrigo.es\/ayuntamiento\/wp-content\/uploads\/2018\/10\/memoria-plan-parcial-parcela-sector-15-2.pdf\" target=\"_blank\">Memoria.<\/a><\/td>\n<\/tr>\n<tr>\n<td style=\"width: 30px; text-align: left; vertical-align: middle;\"><img loading=\"lazy\" decoding=\"async\" class=\"aligncenter size-full wp-image-2643\" src=\"http:\/\/www.ciudadrodrigo.es\/ayuntamiento\/wp-content\/uploads\/2018\/05\/iconoDescargaZIPpeq.png\" alt=\"iconodescargazippeq\" width=\"30\" height=\"30\" \/><\/td>\n<td>\u00a0 <a href=\"http:\/\/www.ciudadrodrigo.es\/ayuntamiento\/wp-content\/uploads\/2018\/10\/planos-plan-parcial-parcela-sector-15-2.zip\" target=\"_blank\">Planos.<\/a><\/td>\n<\/tr>\n<\/tbody>\n<\/table>\n<p>&nbsp;<\/p>\n","protected":false},"excerpt":{"rendered":"<p>Plan Parcial Sector 15.2 CATEGOR\u00cdA: Plan Parcial. ACUERDO (\u00f3rgano y fechas): Aprobaci\u00f3n Inicial, Resoluci\u00f3n de la Alcald\u00eda n\u00ba 533\/2008, de 30 de junio. Aprobaci\u00f3n Definitiva, acuerdo de Pleno de 26\/08\/2009. DESCRIPCI\u00d3N Y \u00c1MBITO DE APLICACI\u00d3N: Plan Parcial zona Avenida de Salamanca, calle Alfareros y calle de los Gremios. PROMOTOR: Ferm\u00edn S\u00e1nchez Cepa y otros. PUNTO [&hellip;]<\/p>\n","protected":false},"author":1,"featured_media":0,"comment_status":"closed","ping_status":"closed","sticky":false,"template":"","format":"standard","meta":{"footnotes":""},"categories":[152],"tags":[],"class_list":["post-4694","post","type-post","status-publish","format-standard","hentry","category-normativa-urbanistica-de-aplicacion-planeamiento"],"_links":{"self":[{"href":"https:\/\/www.ciudadrodrigo.es\/ayuntamiento\/wp-json\/wp\/v2\/posts\/4694","targetHints":{"allow":["GET"]}}],"collection":[{"href":"https:\/\/www.ciudadrodrigo.es\/ayuntamiento\/wp-json\/wp\/v2\/posts"}],"about":[{"href":"https:\/\/www.ciudadrodrigo.es\/ayuntamiento\/wp-json\/wp\/v2\/types\/post"}],"author":[{"embeddable":true,"href":"https:\/\/www.ciudadrodrigo.es\/ayuntamiento\/wp-json\/wp\/v2\/users\/1"}],"replies":[{"embeddable":true,"href":"https:\/\/www.ciudadrodrigo.es\/ayuntamiento\/wp-json\/wp\/v2\/comments?post=4694"}],"version-history":[{"count":1,"href":"https:\/\/www.ciudadrodrigo.es\/ayuntamiento\/wp-json\/wp\/v2\/posts\/4694\/revisions"}],"predecessor-version":[{"id":4698,"href":"https:\/\/www.ciudadrodrigo.es\/ayuntamiento\/wp-json\/wp\/v2\/posts\/4694\/revisions\/4698"}],"wp:attachment":[{"href":"https:\/\/www.ciudadrodrigo.es\/ayuntamiento\/wp-json\/wp\/v2\/media?parent=4694"}],"wp:term":[{"taxonomy":"category","embeddable":true,"href":"https:\/\/www.ciudadrodrigo.es\/ayuntamiento\/wp-json\/wp\/v2\/categories?post=4694"},{"taxonomy":"post_tag","embeddable":true,"href":"https:\/\/www.ciudadrodrigo.es\/ayuntamiento\/wp-json\/wp\/v2\/tags?post=4694"}],"curies":[{"name":"wp","href":"https:\/\/api.w.org\/{rel}","templated":true}]}}