{"id":4709,"date":"2018-10-24T11:00:44","date_gmt":"2018-10-24T11:00:44","guid":{"rendered":"https:\/\/www.ciudadrodrigo.es\/ayuntamiento\/?p=4709"},"modified":"2018-10-24T11:08:11","modified_gmt":"2018-10-24T11:08:11","slug":"modificacion-puntual-del-plan-general-en-el-sector-24-2-ordenacion-detallada-del-p-a-s-24-2-y-del-sector-24-3","status":"publish","type":"post","link":"https:\/\/www.ciudadrodrigo.es\/ayuntamiento\/modificacion-puntual-del-plan-general-en-el-sector-24-2-ordenacion-detallada-del-p-a-s-24-2-y-del-sector-24-3\/","title":{"rendered":"Modificaci\u00f3n Puntual del Plan general en el Sector 24.2, Ordenaci\u00f3n Detallada del P.A.S. 24.2 y del Sector 24.3"},"content":{"rendered":"<p><strong>Modificaci\u00f3n Puntual del Plan general en el Sector 24.2, Ordenaci\u00f3n Detallada del P.A.S. 24.2 y del Sector 24.3<\/strong><\/p>\n<p><em><strong>CATEGOR\u00cdA:<\/strong><\/em> Modificaci\u00f3n Plan General. Plan Parcial.<br \/>\n<em><strong>ACUERDO (\u00f3rgano y fechas):<\/strong><\/em> Aprobaci\u00f3n Inicial, acuerdo Pleno de 23\/05\/2012. Aprobaci\u00f3n provisional, acuerdo de Pleno De 29\/01\/2013. Aprobaci\u00f3n Definitiva, acuerdo Comisi\u00f3n Territorial de Urbanismo de 29\/03\/2013.<br \/>\n<em><strong>DESCRIPCI\u00d3N Y \u00c1MBITO DE APLICACI\u00d3N:<\/strong><\/em> P.A.S.-24.2 de suelo urbano para su desarrollo a trav\u00e9s de gesti\u00f3n urban\u00edstica aislada y Plan Parcial del Sector 24.3, situados en la Avenida Agust\u00edn de Fox\u00e1, margen izquierda y dcha.<br \/>\n<em><strong>PROMOTOR:<\/strong><\/em> Ayuntamiento de Ciudad Rodrigo. Convenio Urban\u00edstico con los propietarios de terrenos.<br \/>\n<em><strong>PUNTO DE INFORMACI\u00d3N:<\/strong><\/em>\u00a0Ayuntamiento de Ciudad Rodrigo. Plaza Mayor 27. Primera planta. Servicio de Urbanismo.<br \/>\n<strong><em>FECHAS DE PUBLICACI\u00d3N:<\/em><\/strong> Aprobaci\u00f3n Definitiva, BOCYL de 13\/06\/2013.<\/p>\n<p><span style=\"text-decoration: underline;\"><em><strong>DOCUMENTOS:<\/strong><\/em><\/span><\/p>\n<table style=\"height: 496px;\" width=\"436\">\n<tbody>\n<tr>\n<td style=\"width: 30px; background-color: #ded7d7; text-align: left; vertical-align: middle;\" colspan=\"2\"><strong>\u00a01. INFORMACI\u00d3N URBAN\u00cdSTICA<\/strong><\/td>\n<\/tr>\n<tr>\n<td style=\"width: 30px; text-align: left; vertical-align: middle;\"><img loading=\"lazy\" decoding=\"async\" class=\"alignleft size-full wp-image-2515\" src=\"https:\/\/www.ciudadrodrigo.es\/ayuntamiento\/wp-content\/uploads\/2018\/05\/iconoDescargaZIPpeq.png\" alt=\"iconodescargaZip\" width=\"30\" height=\"30\" \/><\/td>\n<td>\u00a0 <a href=\"https:\/\/www.ciudadrodrigo.es\/ayuntamiento\/wp-content\/uploads\/2018\/10\/documentacion-informUrbanistica-sector24-2y24-3.zip\" target=\"_blank\">Documentaci\u00f3n.<\/a><\/td>\n<\/tr>\n<tr>\n<td style=\"width: 30px; text-align: left; vertical-align: middle;\"><img loading=\"lazy\" decoding=\"async\" class=\"alignleft size-full wp-image-2515\" src=\"https:\/\/www.ciudadrodrigo.es\/ayuntamiento\/wp-content\/uploads\/2018\/05\/iconoDescargaZIPpeq.png\" alt=\"iconodescargaZip\" width=\"30\" height=\"30\" \/><\/td>\n<td>\u00a0 <a href=\"http:\/\/www.ciudadrodrigo.es\/ayuntamiento\/wp-content\/uploads\/2018\/10\/planos-informUrbanistica-sector24-2y24-3.zip\" target=\"_blank\">Planos.<\/a><\/td>\n<\/tr>\n<tr>\n<td style=\"width: 30px; background-color: #ded7d7; text-align: left; vertical-align: middle;\" colspan=\"2\">\u00a0<strong>2. MODIFICACI\u00d3N PUNTUAL<\/strong><\/td>\n<\/tr>\n<tr>\n<td style=\"width: 30px; text-align: left; vertical-align: middle;\"><img loading=\"lazy\" decoding=\"async\" class=\"alignleft size-full wp-image-2515\" src=\"https:\/\/www.ciudadrodrigo.es\/ayuntamiento\/wp-content\/uploads\/2018\/05\/iconoDescargaZIPpeq.png\" alt=\"iconodescargaZip\" width=\"30\" height=\"30\" \/><\/td>\n<td>\u00a0 <a href=\"http:\/\/www.ciudadrodrigo.es\/ayuntamiento\/wp-content\/uploads\/2018\/10\/documentacion-modificacionPuntual-sector24-2y24-3.zip\" target=\"_blank\">Documentaci\u00f3n.<\/a><\/td>\n<\/tr>\n<tr>\n<td style=\"width: 30px; text-align: left; vertical-align: middle;\"><img loading=\"lazy\" decoding=\"async\" class=\"alignleft size-full wp-image-2515\" src=\"https:\/\/www.ciudadrodrigo.es\/ayuntamiento\/wp-content\/uploads\/2018\/05\/iconoDescargaZIPpeq.png\" alt=\"iconodescargaZip\" width=\"30\" height=\"30\" \/><\/td>\n<td>\u00a0 <a href=\"http:\/\/www.ciudadrodrigo.es\/ayuntamiento\/wp-content\/uploads\/2018\/10\/planos-modificacionPuntual-sector24-2y24-3.zip\" target=\"_blank\">Planos.<\/a><\/td>\n<\/tr>\n<tr>\n<td style=\"width: 30px; background-color: #ded7d7; text-align: left; vertical-align: middle;\" colspan=\"2\">\u00a0<strong>3. MODIFICACI\u00d3N O.D. DEL P.A.S. 24.2<\/strong><\/td>\n<\/tr>\n<tr>\n<td style=\"width: 30px; text-align: left; vertical-align: middle;\"><img loading=\"lazy\" decoding=\"async\" class=\"alignleft size-full wp-image-2515\" src=\"https:\/\/www.ciudadrodrigo.es\/ayuntamiento\/wp-content\/uploads\/2018\/05\/iconoDescargaZIPpeq.png\" alt=\"iconodescargaZip\" width=\"30\" height=\"30\" \/><\/td>\n<td>\u00a0 <a href=\"http:\/\/www.ciudadrodrigo.es\/ayuntamiento\/wp-content\/uploads\/2018\/10\/documentacion-modificacionPAS-24-2.zip\" target=\"_blank\">Documentaci\u00f3n.<\/a><\/td>\n<\/tr>\n<tr>\n<td style=\"width: 30px; text-align: left; vertical-align: middle;\"><img loading=\"lazy\" decoding=\"async\" class=\"alignleft size-full wp-image-2515\" src=\"https:\/\/www.ciudadrodrigo.es\/ayuntamiento\/wp-content\/uploads\/2018\/05\/iconoDescargaZIPpeq.png\" alt=\"iconodescargaZip\" width=\"30\" height=\"30\" \/><\/td>\n<td>\u00a0 <a href=\"http:\/\/www.ciudadrodrigo.es\/ayuntamiento\/wp-content\/uploads\/2018\/10\/planos-modificacionPAS-24-2.zip\" target=\"_blank\">Planos.<\/a><\/td>\n<\/tr>\n<tr>\n<td style=\"width: 30px; background-color: #ded7d7; text-align: left; vertical-align: middle;\" colspan=\"2\">\u00a0<strong>4. ORDENACI\u00d3N DETALLADA DEL SE-24.3<\/strong><\/td>\n<\/tr>\n<tr>\n<td style=\"width: 30px; text-align: left; vertical-align: middle;\"><img loading=\"lazy\" decoding=\"async\" class=\"alignleft size-full wp-image-2515\" src=\"https:\/\/www.ciudadrodrigo.es\/ayuntamiento\/wp-content\/uploads\/2018\/05\/iconoDescargaZIPpeq.png\" alt=\"iconodescargaZip\" width=\"30\" height=\"30\" \/><\/td>\n<td>\u00a0 <a href=\"http:\/\/www.ciudadrodrigo.es\/ayuntamiento\/wp-content\/uploads\/2018\/10\/documentacion-ordenacion-SE-24-3.zip\" target=\"_blank\">Documentaci\u00f3n.<\/a><\/td>\n<\/tr>\n<tr>\n<td style=\"width: 30px; text-align: left; vertical-align: middle;\"><img loading=\"lazy\" decoding=\"async\" class=\"alignleft size-full wp-image-2515\" src=\"https:\/\/www.ciudadrodrigo.es\/ayuntamiento\/wp-content\/uploads\/2018\/05\/iconoDescargaZIPpeq.png\" alt=\"iconodescargaZip\" width=\"30\" height=\"30\" \/><\/td>\n<td>\u00a0 <a href=\"http:\/\/www.ciudadrodrigo.es\/ayuntamiento\/wp-content\/uploads\/2018\/10\/planos-ordenacion-SE-24-3.zip\" target=\"_blank\">Planos.<\/a><\/td>\n<\/tr>\n<\/tbody>\n<\/table>\n<p>&nbsp;<\/p>\n","protected":false},"excerpt":{"rendered":"<p>Modificaci\u00f3n Puntual del Plan general en el Sector 24.2, Ordenaci\u00f3n Detallada del P.A.S. 24.2 y del Sector 24.3 CATEGOR\u00cdA: Modificaci\u00f3n Plan General. Plan Parcial. ACUERDO (\u00f3rgano y fechas): Aprobaci\u00f3n Inicial, acuerdo Pleno de 23\/05\/2012. Aprobaci\u00f3n provisional, acuerdo de Pleno De 29\/01\/2013. Aprobaci\u00f3n Definitiva, acuerdo Comisi\u00f3n Territorial de Urbanismo de 29\/03\/2013. DESCRIPCI\u00d3N Y \u00c1MBITO DE APLICACI\u00d3N: [&hellip;]<\/p>\n","protected":false},"author":1,"featured_media":0,"comment_status":"closed","ping_status":"closed","sticky":false,"template":"","format":"standard","meta":{"footnotes":""},"categories":[152],"tags":[],"class_list":["post-4709","post","type-post","status-publish","format-standard","hentry","category-normativa-urbanistica-de-aplicacion-planeamiento"],"_links":{"self":[{"href":"https:\/\/www.ciudadrodrigo.es\/ayuntamiento\/wp-json\/wp\/v2\/posts\/4709","targetHints":{"allow":["GET"]}}],"collection":[{"href":"https:\/\/www.ciudadrodrigo.es\/ayuntamiento\/wp-json\/wp\/v2\/posts"}],"about":[{"href":"https:\/\/www.ciudadrodrigo.es\/ayuntamiento\/wp-json\/wp\/v2\/types\/post"}],"author":[{"embeddable":true,"href":"https:\/\/www.ciudadrodrigo.es\/ayuntamiento\/wp-json\/wp\/v2\/users\/1"}],"replies":[{"embeddable":true,"href":"https:\/\/www.ciudadrodrigo.es\/ayuntamiento\/wp-json\/wp\/v2\/comments?post=4709"}],"version-history":[{"count":7,"href":"https:\/\/www.ciudadrodrigo.es\/ayuntamiento\/wp-json\/wp\/v2\/posts\/4709\/revisions"}],"predecessor-version":[{"id":4859,"href":"https:\/\/www.ciudadrodrigo.es\/ayuntamiento\/wp-json\/wp\/v2\/posts\/4709\/revisions\/4859"}],"wp:attachment":[{"href":"https:\/\/www.ciudadrodrigo.es\/ayuntamiento\/wp-json\/wp\/v2\/media?parent=4709"}],"wp:term":[{"taxonomy":"category","embeddable":true,"href":"https:\/\/www.ciudadrodrigo.es\/ayuntamiento\/wp-json\/wp\/v2\/categories?post=4709"},{"taxonomy":"post_tag","embeddable":true,"href":"https:\/\/www.ciudadrodrigo.es\/ayuntamiento\/wp-json\/wp\/v2\/tags?post=4709"}],"curies":[{"name":"wp","href":"https:\/\/api.w.org\/{rel}","templated":true}]}}