{"id":4860,"date":"2018-10-24T11:19:35","date_gmt":"2018-10-24T11:19:35","guid":{"rendered":"https:\/\/www.ciudadrodrigo.es\/ayuntamiento\/?p=4860"},"modified":"2018-10-24T11:23:27","modified_gmt":"2018-10-24T11:23:27","slug":"plan-parcial-del-sector-34-1-y-estudio-de-impacto-ambiental","status":"publish","type":"post","link":"https:\/\/www.ciudadrodrigo.es\/ayuntamiento\/plan-parcial-del-sector-34-1-y-estudio-de-impacto-ambiental\/","title":{"rendered":"Plan Parcial del Sector 34.1 y Estudio de Impacto Ambiental."},"content":{"rendered":"<p><strong>Plan Parcial del Sector 34.1 y Estudio de Impacto Ambiental.<\/strong><\/p>\n<p><em><strong>CATEGOR\u00cdA:<\/strong><\/em> Plan Parcial del Sector 34.1 y Estudio de Impacto Ambiental.<br \/>\n<em><strong>ACUERDO (\u00f3rgano y fechas):<\/strong><\/em> Aprobaci\u00f3n Inicial, acuerdo de Pleno de 27\/12\/2012. Declaraci\u00f3n de Impacto, Resoluci\u00f3n De la Consejer\u00eda de Fomento y Medio Ambiente de 2\/05\/2013. Aprobaci\u00f3n definitiva, acuerdo de Pleno de 20\/06\/2013.<br \/>\n<em><strong>DESCRIPCI\u00d3N Y \u00c1MBITO DE APLICACI\u00d3N:<\/strong><\/em> Plan Parcial Sector 34.1, junto al n\u00facleo urbano de Ivanrey.<br \/>\n<em><strong>PROMOTOR:<\/strong><\/em> Ayuntamiento de Ciudad Rodrigo.<br \/>\n<em><strong>PUNTO DE INFORMACI\u00d3N:<\/strong><\/em>\u00a0Ayuntamiento de Ciudad Rodrigo. Plaza Mayor 27. Primera planta. Servicio de Urbanismo.<br \/>\n<strong><em>FECHAS DE PUBLICACI\u00d3N:<\/em><\/strong> Declaraci\u00f3n de Impacto. BOCYL. 16\/05\/2013. Aprobaci\u00f3n Definitiva, BOCYL, 5\/07\/2013.<\/p>\n<p><span style=\"text-decoration: underline;\"><em><strong><br \/>\nDOCUMENTOS:<\/strong><\/em><\/span><\/p>\n<table style=\"height: 212px;\" width=\"368\">\n<tbody>\n<tr>\n<td style=\"width: 30px; text-align: left; vertical-align: middle;\"><img loading=\"lazy\" decoding=\"async\" class=\"alignleft size-full wp-image-2515\" src=\"http:\/\/www.ciudadrodrigo.es\/ayuntamiento\/wp-content\/uploads\/2018\/04\/iconoDescargaPdf.png\" alt=\"iconodescargapdf\" width=\"30\" height=\"30\" \/><\/td>\n<td>\u00a0 <a href=\"http:\/\/www.ciudadrodrigo.es\/ayuntamiento\/wp-content\/uploads\/2018\/10\/caratula-PLAN_PARCIAL-sector-34-1.pdf\" target=\"_blank\">Caratula Plan Parcial.<\/a><\/td>\n<\/tr>\n<tr>\n<td style=\"width: 30px; text-align: left; vertical-align: middle;\"><img loading=\"lazy\" decoding=\"async\" class=\"alignleft size-full wp-image-2515\" src=\"http:\/\/www.ciudadrodrigo.es\/ayuntamiento\/wp-content\/uploads\/2018\/04\/iconoDescargaPdf.png\" alt=\"iconodescargapdf\" width=\"30\" height=\"30\" \/><\/td>\n<td>\u00a0 <a href=\"http:\/\/www.ciudadrodrigo.es\/ayuntamiento\/wp-content\/uploads\/2018\/10\/MEDICIONES-Y-PRESUPUESTO-sector-34-1.pdf\" target=\"_blank\">Mediciones y presupuesto.<\/a><\/td>\n<\/tr>\n<tr>\n<td style=\"width: 30px; text-align: left; vertical-align: middle;\"><img loading=\"lazy\" decoding=\"async\" class=\"alignleft size-full wp-image-2515\" src=\"http:\/\/www.ciudadrodrigo.es\/ayuntamiento\/wp-content\/uploads\/2018\/04\/iconoDescargaPdf.png\" alt=\"iconodescargapdf\" width=\"30\" height=\"30\" \/><\/td>\n<td>\u00a0 <a href=\"http:\/\/www.ciudadrodrigo.es\/ayuntamiento\/wp-content\/uploads\/2018\/10\/MEMORIA-INFORMATIVA-y-VINCULANTE-Sector-34-1.pdf\" target=\"_blank\">Memoria informativa vinculante.<\/a><\/td>\n<\/tr>\n<tr>\n<td style=\"width: 30px; text-align: left; vertical-align: middle;\"><img loading=\"lazy\" decoding=\"async\" class=\"alignleft size-full wp-image-2515\" src=\"https:\/\/www.ciudadrodrigo.es\/ayuntamiento\/wp-content\/uploads\/2018\/05\/iconoDescargaZIPpeq.png\" alt=\"iconodescargaZip\" width=\"30\" height=\"30\" \/><\/td>\n<td>\u00a0 <a href=\"http:\/\/www.ciudadrodrigo.es\/ayuntamiento\/wp-content\/uploads\/2018\/10\/planos-PlanParcial-Sector-34-1.zip\" target=\"_blank\">Planos.<\/a><\/td>\n<\/tr>\n<\/tbody>\n<\/table>\n<p>&nbsp;<\/p>\n","protected":false},"excerpt":{"rendered":"<p>Plan Parcial del Sector 34.1 y Estudio de Impacto Ambiental. CATEGOR\u00cdA: Plan Parcial del Sector 34.1 y Estudio de Impacto Ambiental. ACUERDO (\u00f3rgano y fechas): Aprobaci\u00f3n Inicial, acuerdo de Pleno de 27\/12\/2012. Declaraci\u00f3n de Impacto, Resoluci\u00f3n De la Consejer\u00eda de Fomento y Medio Ambiente de 2\/05\/2013. Aprobaci\u00f3n definitiva, acuerdo de Pleno de 20\/06\/2013. DESCRIPCI\u00d3N Y [&hellip;]<\/p>\n","protected":false},"author":1,"featured_media":0,"comment_status":"closed","ping_status":"closed","sticky":false,"template":"","format":"standard","meta":{"footnotes":""},"categories":[152],"tags":[],"class_list":["post-4860","post","type-post","status-publish","format-standard","hentry","category-normativa-urbanistica-de-aplicacion-planeamiento"],"_links":{"self":[{"href":"https:\/\/www.ciudadrodrigo.es\/ayuntamiento\/wp-json\/wp\/v2\/posts\/4860","targetHints":{"allow":["GET"]}}],"collection":[{"href":"https:\/\/www.ciudadrodrigo.es\/ayuntamiento\/wp-json\/wp\/v2\/posts"}],"about":[{"href":"https:\/\/www.ciudadrodrigo.es\/ayuntamiento\/wp-json\/wp\/v2\/types\/post"}],"author":[{"embeddable":true,"href":"https:\/\/www.ciudadrodrigo.es\/ayuntamiento\/wp-json\/wp\/v2\/users\/1"}],"replies":[{"embeddable":true,"href":"https:\/\/www.ciudadrodrigo.es\/ayuntamiento\/wp-json\/wp\/v2\/comments?post=4860"}],"version-history":[{"count":3,"href":"https:\/\/www.ciudadrodrigo.es\/ayuntamiento\/wp-json\/wp\/v2\/posts\/4860\/revisions"}],"predecessor-version":[{"id":4863,"href":"https:\/\/www.ciudadrodrigo.es\/ayuntamiento\/wp-json\/wp\/v2\/posts\/4860\/revisions\/4863"}],"wp:attachment":[{"href":"https:\/\/www.ciudadrodrigo.es\/ayuntamiento\/wp-json\/wp\/v2\/media?parent=4860"}],"wp:term":[{"taxonomy":"category","embeddable":true,"href":"https:\/\/www.ciudadrodrigo.es\/ayuntamiento\/wp-json\/wp\/v2\/categories?post=4860"},{"taxonomy":"post_tag","embeddable":true,"href":"https:\/\/www.ciudadrodrigo.es\/ayuntamiento\/wp-json\/wp\/v2\/tags?post=4860"}],"curies":[{"name":"wp","href":"https:\/\/api.w.org\/{rel}","templated":true}]}}