{"id":4864,"date":"2018-10-24T11:39:08","date_gmt":"2018-10-24T11:39:08","guid":{"rendered":"https:\/\/www.ciudadrodrigo.es\/ayuntamiento\/?p=4864"},"modified":"2018-10-24T11:48:01","modified_gmt":"2018-10-24T11:48:01","slug":"modificacion-del-p-g-o-u-para-cambio-de-la-calificacion-urbanistica-del-sector-34-1-de-s-u","status":"publish","type":"post","link":"https:\/\/www.ciudadrodrigo.es\/ayuntamiento\/modificacion-del-p-g-o-u-para-cambio-de-la-calificacion-urbanistica-del-sector-34-1-de-s-u\/","title":{"rendered":"Modificaci\u00f3n del P.G.O.U. para cambio de la calificaci\u00f3n urban\u00edstica del Sector 34.1 de S.U."},"content":{"rendered":"<p><strong>Modificaci\u00f3n del P.G.O.U. para cambio de la calificaci\u00f3n urban\u00edstica del Sector 34.1 de S.U.<\/strong><\/p>\n<p><em><strong>CATEGOR\u00cdA:<\/strong><\/em> Modificaci\u00f3n Plan General.<br \/>\n<em><strong>ACUERDO (\u00f3rgano y fechas):<\/strong><\/em> Aprobaci\u00f3n Inicial, acuerdo de Pleno de 27\/07\/2009. Aprobaci\u00f3n Provisional, acuerdo de Pleno de 25\/02\/2010. Aprobaci\u00f3n Definitiva, acuerdo de la Comisi\u00f3n Territorial de Urbanismo de 15\/04\/2010.<br \/>\n<em><strong>DESCRIPCI\u00d3N Y \u00c1MBITO DE APLICACI\u00d3N:<\/strong><\/em> Modificaci\u00f3n del uso predominante (residencial), por equipamiento residencial asistencial en el Sector 34.1, situado junto al n\u00facleo urbano de Ivanrey.<br \/>\n<em><strong>PROMOTOR:<\/strong><\/em> Ayuntamiento de Ciudad Rodrigo.<br \/>\n<em><strong>PUNTO DE INFORMACI\u00d3N:<\/strong><\/em>\u00a0Ayuntamiento de Ciudad Rodrigo. Plaza Mayor 27. Primera planta. Servicio de Urbanismo.<br \/>\n<strong><em>FECHAS DE PUBLICACI\u00d3N:<\/em><\/strong> Aprobaci\u00f3n Definitiva: BOCYL, 9\/06\/2010 n\u00ba 109.<\/p>\n<p><span style=\"text-decoration: underline;\"><em><strong><br \/>\nDOCUMENTOS:<\/strong><\/em><\/span><\/p>\n<table style=\"height: 212px;\" width=\"368\">\n<tbody>\n<tr>\n<td style=\"width: 30px; text-align: left; vertical-align: middle;\"><img loading=\"lazy\" decoding=\"async\" class=\"alignleft size-full wp-image-2515\" src=\"http:\/\/www.ciudadrodrigo.es\/ayuntamiento\/wp-content\/uploads\/2018\/04\/iconoDescargaPdf.png\" alt=\"iconodescargapdf\" width=\"30\" height=\"30\" \/><\/td>\n<td>\u00a0 <a href=\"http:\/\/www.ciudadrodrigo.es\/ayuntamiento\/wp-content\/uploads\/2018\/10\/MEMORIA_VINCULANTE-Sector-34-1deSU.pdf\" target=\"_blank\">Memoria vinculante.<\/a><\/td>\n<\/tr>\n<tr>\n<td style=\"width: 30px; text-align: left; vertical-align: middle;\"><img loading=\"lazy\" decoding=\"async\" class=\"alignleft size-full wp-image-2515\" src=\"http:\/\/www.ciudadrodrigo.es\/ayuntamiento\/wp-content\/uploads\/2018\/04\/iconoDescargaPdf.png\" alt=\"iconodescargapdf\" width=\"30\" height=\"30\" \/><\/td>\n<td>\u00a0 <a href=\"http:\/\/www.ciudadrodrigo.es\/ayuntamiento\/wp-content\/uploads\/2018\/10\/PLANO_DE_SITUACION-Sector-34-1deSU.pdf\" target=\"_blank\">Plano de situaci\u00f3n.<\/a><\/td>\n<\/tr>\n<tr>\n<td style=\"width: 30px; text-align: left; vertical-align: middle;\"><img loading=\"lazy\" decoding=\"async\" class=\"alignleft size-full wp-image-2515\" src=\"http:\/\/www.ciudadrodrigo.es\/ayuntamiento\/wp-content\/uploads\/2018\/04\/iconoDescargaPdf.png\" alt=\"iconodescargapdf\" width=\"30\" height=\"30\" \/><\/td>\n<td>\u00a0 <a href=\"http:\/\/www.ciudadrodrigo.es\/ayuntamiento\/wp-content\/uploads\/2018\/10\/CLASIFICACION-DEL-SUELO-Sector-34-1deSU.pdf\" target=\"_blank\">Clasificaci\u00f3n del suelo.<\/a><\/td>\n<\/tr>\n<tr>\n<td style=\"width: 30px; text-align: left; vertical-align: middle;\"><img loading=\"lazy\" decoding=\"async\" class=\"alignleft size-full wp-image-2515\" src=\"http:\/\/www.ciudadrodrigo.es\/ayuntamiento\/wp-content\/uploads\/2018\/04\/iconoDescargaPdf.png\" alt=\"iconodescargapdf\" width=\"30\" height=\"30\" \/><\/td>\n<td>\u00a0 <a href=\"http:\/\/www.ciudadrodrigo.es\/ayuntamiento\/wp-content\/uploads\/2018\/10\/PLANO-CATASTRAL-Sector-34-1deSU.pdf\" target=\"_blank\">Plano catastral.<\/a><\/td>\n<\/tr>\n<tr>\n<td style=\"width: 30px; text-align: left; vertical-align: middle;\"><img loading=\"lazy\" decoding=\"async\" class=\"alignleft size-full wp-image-2515\" src=\"http:\/\/www.ciudadrodrigo.es\/ayuntamiento\/wp-content\/uploads\/2018\/04\/iconoDescargaPdf.png\" alt=\"iconodescargapdf\" width=\"30\" height=\"30\" \/><\/td>\n<td>\u00a0 <a href=\"http:\/\/www.ciudadrodrigo.es\/ayuntamiento\/wp-content\/uploads\/2018\/10\/FOTOGRAFIA-AEREA-Sector-34-1deSU.pdf\" target=\"_blank\">Fotograf\u00eda A\u00e9rea.<\/a><\/td>\n<\/tr>\n<\/tbody>\n<\/table>\n<p>&nbsp;<\/p>\n","protected":false},"excerpt":{"rendered":"<p>Modificaci\u00f3n del P.G.O.U. para cambio de la calificaci\u00f3n urban\u00edstica del Sector 34.1 de S.U. CATEGOR\u00cdA: Modificaci\u00f3n Plan General. ACUERDO (\u00f3rgano y fechas): Aprobaci\u00f3n Inicial, acuerdo de Pleno de 27\/07\/2009. Aprobaci\u00f3n Provisional, acuerdo de Pleno de 25\/02\/2010. Aprobaci\u00f3n Definitiva, acuerdo de la Comisi\u00f3n Territorial de Urbanismo de 15\/04\/2010. DESCRIPCI\u00d3N Y \u00c1MBITO DE APLICACI\u00d3N: Modificaci\u00f3n del uso [&hellip;]<\/p>\n","protected":false},"author":1,"featured_media":0,"comment_status":"closed","ping_status":"closed","sticky":false,"template":"","format":"standard","meta":{"footnotes":""},"categories":[152],"tags":[],"class_list":["post-4864","post","type-post","status-publish","format-standard","hentry","category-normativa-urbanistica-de-aplicacion-planeamiento"],"_links":{"self":[{"href":"https:\/\/www.ciudadrodrigo.es\/ayuntamiento\/wp-json\/wp\/v2\/posts\/4864","targetHints":{"allow":["GET"]}}],"collection":[{"href":"https:\/\/www.ciudadrodrigo.es\/ayuntamiento\/wp-json\/wp\/v2\/posts"}],"about":[{"href":"https:\/\/www.ciudadrodrigo.es\/ayuntamiento\/wp-json\/wp\/v2\/types\/post"}],"author":[{"embeddable":true,"href":"https:\/\/www.ciudadrodrigo.es\/ayuntamiento\/wp-json\/wp\/v2\/users\/1"}],"replies":[{"embeddable":true,"href":"https:\/\/www.ciudadrodrigo.es\/ayuntamiento\/wp-json\/wp\/v2\/comments?post=4864"}],"version-history":[{"count":3,"href":"https:\/\/www.ciudadrodrigo.es\/ayuntamiento\/wp-json\/wp\/v2\/posts\/4864\/revisions"}],"predecessor-version":[{"id":4867,"href":"https:\/\/www.ciudadrodrigo.es\/ayuntamiento\/wp-json\/wp\/v2\/posts\/4864\/revisions\/4867"}],"wp:attachment":[{"href":"https:\/\/www.ciudadrodrigo.es\/ayuntamiento\/wp-json\/wp\/v2\/media?parent=4864"}],"wp:term":[{"taxonomy":"category","embeddable":true,"href":"https:\/\/www.ciudadrodrigo.es\/ayuntamiento\/wp-json\/wp\/v2\/categories?post=4864"},{"taxonomy":"post_tag","embeddable":true,"href":"https:\/\/www.ciudadrodrigo.es\/ayuntamiento\/wp-json\/wp\/v2\/tags?post=4864"}],"curies":[{"name":"wp","href":"https:\/\/api.w.org\/{rel}","templated":true}]}}