{"id":4872,"date":"2018-10-24T15:12:17","date_gmt":"2018-10-24T15:12:17","guid":{"rendered":"https:\/\/www.ciudadrodrigo.es\/ayuntamiento\/?p=4872"},"modified":"2018-10-24T15:14:16","modified_gmt":"2018-10-24T15:14:16","slug":"estudio-de-detalle-para-completar-y-modificar-las-determinaciones-de-ordenacion-detallada-en-la-parcela-ru-5-del-sector-17","status":"publish","type":"post","link":"https:\/\/www.ciudadrodrigo.es\/ayuntamiento\/estudio-de-detalle-para-completar-y-modificar-las-determinaciones-de-ordenacion-detallada-en-la-parcela-ru-5-del-sector-17\/","title":{"rendered":"Estudio de Detalle para completar y modificar las determinaciones de ordenaci\u00f3n detallada en la parcela RU-5 del Sector 17."},"content":{"rendered":"<p><strong>Estudio de Detalle para completar y modificar las determinaciones de ordenaci\u00f3n detallada en la parcela RU-5 del Sector 17.<br \/>\n<\/strong><br \/>\n<em><strong>CATEGOR\u00cdA:<\/strong><\/em> Estudio de Detalle.<br \/>\n<em><strong>ACUERDO (\u00f3rgano y fechas):<\/strong><\/em> Aprobaci\u00f3n Inicial: Junta de Gobierno Local de 6\/06\/2013. Aprobaci\u00f3n Definitiva: Pleno de 09\/01\/2014.<br \/>\n<em><strong>DESCRIPCI\u00d3N Y \u00c1MBITO DE APLICACI\u00d3N:<\/strong><\/em> Sector 17. C\/ Bomberos Voluntarios, 2, 4 y 6. Modificaci\u00f3n de los retranqueos de la edificaci\u00f3n al fondo interior y divisi\u00f3n en tres partes de la parcela RU- 5.<br \/>\n<em><strong>PROMOTOR:<\/strong><\/em> Junta de Compensaci\u00f3n del Sector 17.<br \/>\n<em><strong>PUNTO DE INFORMACI\u00d3N:<\/strong><\/em>\u00a0Ayuntamiento de Ciudad Rodrigo. Plaza Mayor 27. Primera planta. Servicio de Urbanismo.<br \/>\n<strong><em>FECHAS DE PUBLICACI\u00d3N:<\/em><\/strong> Aprobaci\u00f3n Inicial: B.O.C. y L. 24\/06\/2013. Aprobaci\u00f3n definitiva: B.O.C. y L. 07\/02\/14<\/p>\n<p><span style=\"text-decoration: underline;\"><em><strong><br \/>\nDOCUMENTOS:<\/strong><\/em><\/span><\/p>\n<table style=\"height: 99px;\" width=\"202\">\n<tbody>\n<tr>\n<td style=\"width: 30px; text-align: left; vertical-align: middle;\"><img loading=\"lazy\" decoding=\"async\" class=\"alignleft size-full wp-image-2515\" src=\"https:\/\/www.ciudadrodrigo.es\/ayuntamiento\/wp-content\/uploads\/2018\/05\/iconoDescargaZIPpeq.png\" alt=\"iconodescargaZip\" width=\"30\" height=\"30\" \/><\/td>\n<td>\u00a0 <a href=\"http:\/\/www.ciudadrodrigo.es\/ayuntamiento\/wp-content\/uploads\/2018\/10\/Memorias-parcela-RU-5-del-Sector-17.zip\" target=\"_blank\">Memorias.<\/a><\/td>\n<\/tr>\n<tr>\n<td style=\"width: 30px; text-align: left; vertical-align: middle;\"><img loading=\"lazy\" decoding=\"async\" class=\"alignleft size-full wp-image-2515\" src=\"https:\/\/www.ciudadrodrigo.es\/ayuntamiento\/wp-content\/uploads\/2018\/05\/iconoDescargaZIPpeq.png\" alt=\"iconodescargaZip\" width=\"30\" height=\"30\" \/><\/td>\n<td>\u00a0 <a href=\"http:\/\/www.ciudadrodrigo.es\/ayuntamiento\/wp-content\/uploads\/2018\/10\/Planos-parcela-RU-5-del-Sector-17.zip\" target=\"_blank\">Planos.<\/a><\/td>\n<\/tr>\n<\/tbody>\n<\/table>\n<p>&nbsp;<\/p>\n","protected":false},"excerpt":{"rendered":"<p>Estudio de Detalle para completar y modificar las determinaciones de ordenaci\u00f3n detallada en la parcela RU-5 del Sector 17. CATEGOR\u00cdA: Estudio de Detalle. ACUERDO (\u00f3rgano y fechas): Aprobaci\u00f3n Inicial: Junta de Gobierno Local de 6\/06\/2013. Aprobaci\u00f3n Definitiva: Pleno de 09\/01\/2014. DESCRIPCI\u00d3N Y \u00c1MBITO DE APLICACI\u00d3N: Sector 17. C\/ Bomberos Voluntarios, 2, 4 y 6. Modificaci\u00f3n [&hellip;]<\/p>\n","protected":false},"author":1,"featured_media":0,"comment_status":"closed","ping_status":"closed","sticky":false,"template":"","format":"standard","meta":{"footnotes":""},"categories":[152],"tags":[],"class_list":["post-4872","post","type-post","status-publish","format-standard","hentry","category-normativa-urbanistica-de-aplicacion-planeamiento"],"_links":{"self":[{"href":"https:\/\/www.ciudadrodrigo.es\/ayuntamiento\/wp-json\/wp\/v2\/posts\/4872","targetHints":{"allow":["GET"]}}],"collection":[{"href":"https:\/\/www.ciudadrodrigo.es\/ayuntamiento\/wp-json\/wp\/v2\/posts"}],"about":[{"href":"https:\/\/www.ciudadrodrigo.es\/ayuntamiento\/wp-json\/wp\/v2\/types\/post"}],"author":[{"embeddable":true,"href":"https:\/\/www.ciudadrodrigo.es\/ayuntamiento\/wp-json\/wp\/v2\/users\/1"}],"replies":[{"embeddable":true,"href":"https:\/\/www.ciudadrodrigo.es\/ayuntamiento\/wp-json\/wp\/v2\/comments?post=4872"}],"version-history":[{"count":2,"href":"https:\/\/www.ciudadrodrigo.es\/ayuntamiento\/wp-json\/wp\/v2\/posts\/4872\/revisions"}],"predecessor-version":[{"id":4874,"href":"https:\/\/www.ciudadrodrigo.es\/ayuntamiento\/wp-json\/wp\/v2\/posts\/4872\/revisions\/4874"}],"wp:attachment":[{"href":"https:\/\/www.ciudadrodrigo.es\/ayuntamiento\/wp-json\/wp\/v2\/media?parent=4872"}],"wp:term":[{"taxonomy":"category","embeddable":true,"href":"https:\/\/www.ciudadrodrigo.es\/ayuntamiento\/wp-json\/wp\/v2\/categories?post=4872"},{"taxonomy":"post_tag","embeddable":true,"href":"https:\/\/www.ciudadrodrigo.es\/ayuntamiento\/wp-json\/wp\/v2\/tags?post=4872"}],"curies":[{"name":"wp","href":"https:\/\/api.w.org\/{rel}","templated":true}]}}