{"id":4891,"date":"2018-10-25T09:00:07","date_gmt":"2018-10-25T09:00:07","guid":{"rendered":"https:\/\/www.ciudadrodrigo.es\/ayuntamiento\/?p=4891"},"modified":"2018-10-25T11:32:04","modified_gmt":"2018-10-25T11:32:04","slug":"plan-parcial-del-sector-34-2-y-estudio-de-impacto-ambiental","status":"publish","type":"post","link":"https:\/\/www.ciudadrodrigo.es\/ayuntamiento\/plan-parcial-del-sector-34-2-y-estudio-de-impacto-ambiental\/","title":{"rendered":"Plan Parcial del Sector 34.2 y Estudio de Impacto Ambiental."},"content":{"rendered":"<p><strong>Plan Parcial del Sector 34.2 y Estudio de Impacto Ambiental, promovido por Residencial Ivanrey S.L.<\/strong><\/p>\n<p><em><strong>CATEGOR\u00cdA:<\/strong><\/em> Plan Parcial y Estudio de Impacto Ambiental.<br \/>\n<em><strong>ACUERDO (\u00f3rgano y fechas):<\/strong><\/em> Acuerdo Plenario de 26 de marzo de 2013.<br \/>\n<em><strong>DESCRIPCI\u00d3N Y \u00c1MBITO DE APLICACI\u00d3N:<\/strong><\/em> Plan Parcial Sector 34.2; junto al n\u00facleo urbano de Ivanrey.<br \/>\n<strong>ESTUDIO DE IMPACTO AMBIENTAL:<\/strong>\u00a0\u00a0BOP n\u00ba 70 de 12 de abril de 2013,<br \/>\n(<a href=\"https:\/\/sede.diputaciondesalamanca.gob.es\/opencms\/opencms\/sede\/herramientaBOP\/documentos\/2013\/BOP-SA-20130412-059.pdf\" target=\"_blank\">https:\/\/sede.diputaciondesalamanca.gob.es\/opencms\/opencms\/sede\/herramientaBOP\/documentos\/2013\/BOP-SA-20130412-059.pdf<\/a>)<br \/>\n<strong>MODIFICACI\u00d3N PUNTUAL DEL PLAN GENERAL Y DEL PLAN PARCIAL:\u00a0<\/strong>BOCYL N\u00ba 71 de 15 de Abril de 2013<br \/>\n(<a href=\"http:\/\/bocyl.jcyl.es\/boletines\/2013\/04\/15\/pdf\/BOCYL-D-15042013-63.pdf\" target=\"_blank\">http:\/\/bocyl.jcyl.es\/boletines\/2013\/04\/15\/pdf\/BOCYL-D-15042013-63.pdf<\/a>)<br \/>\n<strong>PRENSA:<\/strong><em><strong>\u00a0<\/strong><\/em>Gaceta de Salamanca de 6 de abril de 2013<em><strong><br \/>\n<\/strong><\/em><strong>PRESENTACI\u00d3N DE ALEGACIONES Al Estudio de impacto Ambiental:\u00a0<\/strong>Hasta el 12 de mayo de 2013.<em><strong><br \/>\n<\/strong><\/em><strong>PRESENTACI\u00d3N DE ALEGACIONES A la modificaci\u00f3n puntual del Plan General y del Plan Parcial:<\/strong> Hasta el 15 de junio de 2013.<em><strong><br \/>\n<\/strong><\/em><strong>DECLARACI\u00d3N DE IMPACTO AMBIENTAL:\u00a0<\/strong>Publicada en el BOCyL n\u00ba 201 de 17 de octubre de 2013.<br \/>\nAPROBACI\u00d3N PROVISIONAL:\u00a0Acuerdo Pleno de 26 de febrero de 2014.<br \/>\n<strong>APROBACI\u00d3N DEFINITIVA:<br \/>\n<\/strong><em>Modificaci\u00f3n Puntual Plan General:<\/em> Comisi\u00f3n Territorial de Medio Ambiente y Urbanismo de la Junta de Castilla y Le\u00f3n 18\/12\/2004. Publicado BOCyL &#8211; 20\/03\/2015.<br \/>\n<em>Plan Parcial: <\/em>Pleno 27\/03\/2015\u00a0 &#8211;\u00a0 Publicaci\u00f3n: BOCyL 21\/04\/2015.<em><strong><br \/>\n<\/strong><\/em><span style=\"text-decoration: underline;\"><em><strong><br \/>\nDOCUMENTOS:<\/strong><\/em><\/span><\/p>\n<table style=\"height: 159px;\" width=\"742\">\n<tbody>\n<tr>\n<td style=\"width: 30px; text-align: left; vertical-align: middle;\"><img loading=\"lazy\" decoding=\"async\" class=\"alignleft size-full wp-image-2515\" src=\"http:\/\/www.ciudadrodrigo.es\/ayuntamiento\/wp-content\/uploads\/2018\/04\/iconoDescargaPdf.png\" alt=\"iconodescargapdf\" width=\"30\" height=\"30\" \/><\/td>\n<td>\u00a0 <a href=\"http:\/\/www.ciudadrodrigo.es\/ayuntamiento\/wp-content\/uploads\/2018\/10\/COMPLETO-DE-MODIFICACION-PLAN-GENERAL-Y-PLAN-PARCIAL-SECTOR-34-2-CIUDAD-RODRIGO.pdf\" target=\"_blank\">Completo de modificaci\u00f3n Plan General y Plan Parcial Sector 34.2 &#8211; Ciudad Rodrigo<\/a><\/td>\n<\/tr>\n<tr>\n<td style=\"width: 30px; text-align: left; vertical-align: middle;\"><img loading=\"lazy\" decoding=\"async\" class=\"alignleft size-full wp-image-2515\" src=\"http:\/\/www.ciudadrodrigo.es\/ayuntamiento\/wp-content\/uploads\/2018\/04\/iconoDescargaPdf.png\" alt=\"iconodescargapdf\" width=\"30\" height=\"30\" \/><\/td>\n<td>\u00a0 <a href=\"http:\/\/www.ciudadrodrigo.es\/ayuntamiento\/wp-content\/uploads\/2018\/10\/ANUNCIO-BOP-ESTUDIO-IMPACTO-AMBIENTAL.pdf\" target=\"_blank\">Estudio impacto ambiental.<\/a><\/td>\n<\/tr>\n<tr>\n<td style=\"width: 30px; text-align: left; vertical-align: middle;\"><img loading=\"lazy\" decoding=\"async\" class=\"alignleft size-full wp-image-2515\" src=\"http:\/\/www.ciudadrodrigo.es\/ayuntamiento\/wp-content\/uploads\/2018\/04\/iconoDescargaPdf.png\" alt=\"iconodescargapdf\" width=\"30\" height=\"30\" \/><\/td>\n<td>\u00a0 <a href=\"http:\/\/www.ciudadrodrigo.es\/ayuntamiento\/wp-content\/uploads\/2018\/10\/ANUNCIO-BOCYL-M-P-P-G-Y-PLAN-PARCIAL-S-34-2.pdf\" target=\"_blank\">Modificaci\u00f3n puntual del Plan General y del Plan Parcial.<\/a><\/td>\n<\/tr>\n<\/tbody>\n<\/table>\n<p>&nbsp;<\/p>\n","protected":false},"excerpt":{"rendered":"<p>Plan Parcial del Sector 34.2 y Estudio de Impacto Ambiental, promovido por Residencial Ivanrey S.L. CATEGOR\u00cdA: Plan Parcial y Estudio de Impacto Ambiental. ACUERDO (\u00f3rgano y fechas): Acuerdo Plenario de 26 de marzo de 2013. DESCRIPCI\u00d3N Y \u00c1MBITO DE APLICACI\u00d3N: Plan Parcial Sector 34.2; junto al n\u00facleo urbano de Ivanrey. ESTUDIO DE IMPACTO AMBIENTAL:\u00a0\u00a0BOP n\u00ba [&hellip;]<\/p>\n","protected":false},"author":1,"featured_media":0,"comment_status":"closed","ping_status":"closed","sticky":false,"template":"","format":"standard","meta":{"footnotes":""},"categories":[152],"tags":[],"class_list":["post-4891","post","type-post","status-publish","format-standard","hentry","category-normativa-urbanistica-de-aplicacion-planeamiento"],"_links":{"self":[{"href":"https:\/\/www.ciudadrodrigo.es\/ayuntamiento\/wp-json\/wp\/v2\/posts\/4891","targetHints":{"allow":["GET"]}}],"collection":[{"href":"https:\/\/www.ciudadrodrigo.es\/ayuntamiento\/wp-json\/wp\/v2\/posts"}],"about":[{"href":"https:\/\/www.ciudadrodrigo.es\/ayuntamiento\/wp-json\/wp\/v2\/types\/post"}],"author":[{"embeddable":true,"href":"https:\/\/www.ciudadrodrigo.es\/ayuntamiento\/wp-json\/wp\/v2\/users\/1"}],"replies":[{"embeddable":true,"href":"https:\/\/www.ciudadrodrigo.es\/ayuntamiento\/wp-json\/wp\/v2\/comments?post=4891"}],"version-history":[{"count":2,"href":"https:\/\/www.ciudadrodrigo.es\/ayuntamiento\/wp-json\/wp\/v2\/posts\/4891\/revisions"}],"predecessor-version":[{"id":4893,"href":"https:\/\/www.ciudadrodrigo.es\/ayuntamiento\/wp-json\/wp\/v2\/posts\/4891\/revisions\/4893"}],"wp:attachment":[{"href":"https:\/\/www.ciudadrodrigo.es\/ayuntamiento\/wp-json\/wp\/v2\/media?parent=4891"}],"wp:term":[{"taxonomy":"category","embeddable":true,"href":"https:\/\/www.ciudadrodrigo.es\/ayuntamiento\/wp-json\/wp\/v2\/categories?post=4891"},{"taxonomy":"post_tag","embeddable":true,"href":"https:\/\/www.ciudadrodrigo.es\/ayuntamiento\/wp-json\/wp\/v2\/tags?post=4891"}],"curies":[{"name":"wp","href":"https:\/\/api.w.org\/{rel}","templated":true}]}}