{"id":4899,"date":"2018-10-25T11:46:00","date_gmt":"2018-10-25T11:46:00","guid":{"rendered":"https:\/\/www.ciudadrodrigo.es\/ayuntamiento\/?p=4899"},"modified":"2024-03-11T09:05:10","modified_gmt":"2024-03-11T08:05:10","slug":"estudio-de-detalle-para-transferencia-de-vivienda-en-el-sector-17-2","status":"publish","type":"post","link":"https:\/\/www.ciudadrodrigo.es\/ayuntamiento\/estudio-de-detalle-para-transferencia-de-vivienda-en-el-sector-17-2\/","title":{"rendered":"Estudio de Detalle para transferencia de vivienda en el Sector 17."},"content":{"rendered":"<p><strong>Estudio de Detalle para completar y modificar las determinaciones de ordenaci\u00f3n detallada en la parcela RU-5 del Sector 17.<\/strong><\/p>\n<p><em><strong>CATEGOR\u00cdA:<\/strong><\/em> Estudio de Detalle<br \/>\n<em><strong>ACUERDO (\u00f3rgano y fechas):<\/strong><\/em> Aprobaci\u00f3n Inicial: Junta de Gobierno Local de 24\/02\/2011. Aprobaci\u00f3n Definitiva: Pleno de 31\/08\/2011.<br \/>\n<em><strong>DESCRIPCI\u00d3N Y \u00c1MBITO DE APLICACI\u00d3N:<\/strong><\/em> Sector 17. C\/ Pe\u00f1a de Francia y Paseo Carmelitas. Transferencia de vivienda de la parcela RM-3 a la parcela RU-1.4<br \/>\n<em><strong>PROMOTOR:<\/strong><\/em> Junta de Compensaci\u00f3n del Sector 17.<br \/>\n<em><strong>PUNTO DE INFORMACI\u00d3N:<\/strong><\/em>\u00a0Ayuntamiento de Ciudad Rodrigo. Plaza Mayor 27. Primera planta. Servicio de Urbanismo.<br \/>\n<strong><em>FECHAS DE PUBLICACI\u00d3N:<\/em><\/strong> Aprobaci\u00f3n definitiva: B.O.C. y L. n\u00ba 182 de 20\/09\/11.<\/p>\n<p><span style=\"text-decoration: underline;\"><em><strong><br \/>\nDOCUMENTOS:<\/strong><\/em><\/span><\/p>\n<table style=\"height: 212px;\" width=\"368\">\n<tbody>\n<tr>\n<td style=\"width: 30px; text-align: left; vertical-align: middle;\"><img loading=\"lazy\" decoding=\"async\" class=\"alignleft size-full wp-image-2515\" src=\"http:\/\/www.ciudadrodrigo.es\/ayuntamiento\/wp-content\/uploads\/2018\/04\/iconoDescargaPdf.png\" alt=\"iconodescargapdf\" width=\"30\" height=\"30\" \/><\/td>\n<td>\u00a0 <a href=\"http:\/\/www.ciudadrodrigo.es\/ayuntamiento\/wp-content\/uploads\/2018\/10\/0-MEMORIA-TransferenciaVivienda-Sector17.pdf\" target=\"_blank\" rel=\"noopener\">Memoria.<\/a><\/td>\n<\/tr>\n<tr>\n<td style=\"width: 30px; text-align: left; vertical-align: middle;\"><img loading=\"lazy\" decoding=\"async\" class=\"alignleft size-full wp-image-2515\" src=\"http:\/\/www.ciudadrodrigo.es\/ayuntamiento\/wp-content\/uploads\/2018\/04\/iconoDescargaPdf.png\" alt=\"iconodescargapdf\" width=\"30\" height=\"30\" \/><\/td>\n<td>\u00a0 <a href=\"http:\/\/www.ciudadrodrigo.es\/ayuntamiento\/wp-content\/uploads\/2018\/10\/1-SITUACION-TransferenciaVivienda-Sector17.pdf\" target=\"_blank\" rel=\"noopener\">Situaci\u00f3n.<\/a><\/td>\n<\/tr>\n<tr>\n<td style=\"width: 30px; text-align: left; vertical-align: middle;\"><img loading=\"lazy\" decoding=\"async\" class=\"alignleft size-full wp-image-2515\" src=\"http:\/\/www.ciudadrodrigo.es\/ayuntamiento\/wp-content\/uploads\/2018\/04\/iconoDescargaPdf.png\" alt=\"iconodescargapdf\" width=\"30\" height=\"30\" \/><\/td>\n<td>\u00a0 <a href=\"http:\/\/www.ciudadrodrigo.es\/ayuntamiento\/wp-content\/uploads\/2018\/10\/2-ESTADO-ACTUAL-TransferenciaVivienda-Sector17.pdf\" target=\"_blank\" rel=\"noopener\">Estado actual.<\/a><\/td>\n<\/tr>\n<tr>\n<td style=\"width: 30px; text-align: left; vertical-align: middle;\"><img loading=\"lazy\" decoding=\"async\" class=\"alignleft size-full wp-image-2515\" src=\"http:\/\/www.ciudadrodrigo.es\/ayuntamiento\/wp-content\/uploads\/2018\/04\/iconoDescargaPdf.png\" alt=\"iconodescargapdf\" width=\"30\" height=\"30\" \/><\/td>\n<td>\u00a0 <a href=\"http:\/\/www.ciudadrodrigo.es\/ayuntamiento\/wp-content\/uploads\/2018\/10\/3-PROPUESTA-TransferenciaVivienda-Sector17.pdf\" target=\"_blank\" rel=\"noopener\">Propuesta.<\/a><\/td>\n<\/tr>\n<tr>\n<td style=\"width: 30px; text-align: left; vertical-align: middle;\"><img loading=\"lazy\" decoding=\"async\" class=\"alignleft size-full wp-image-2515\" src=\"http:\/\/www.ciudadrodrigo.es\/ayuntamiento\/wp-content\/uploads\/2018\/04\/iconoDescargaPdf.png\" alt=\"iconodescargapdf\" width=\"30\" height=\"30\" \/><\/td>\n<td>\u00a0 <a href=\"http:\/\/www.ciudadrodrigo.es\/ayuntamiento\/wp-content\/uploads\/2018\/10\/4-PARCELAS-RESULTANTES-FINALES-TransferenciaVivienda-Sector17.pdf\" target=\"_blank\" rel=\"noopener\">Parcelas resultantes finales.<\/a><\/td>\n<\/tr>\n<\/tbody>\n<\/table>\n<p>&nbsp;<\/p>\n","protected":false},"excerpt":{"rendered":"<p>Estudio de Detalle para completar y modificar las determinaciones de ordenaci\u00f3n detallada en la parcela RU-5 del Sector 17. CATEGOR\u00cdA: Estudio de Detalle ACUERDO (\u00f3rgano y fechas): Aprobaci\u00f3n Inicial: Junta de Gobierno Local de 24\/02\/2011. Aprobaci\u00f3n Definitiva: Pleno de 31\/08\/2011. DESCRIPCI\u00d3N Y \u00c1MBITO DE APLICACI\u00d3N: Sector 17. C\/ Pe\u00f1a de Francia y Paseo Carmelitas. Transferencia [&hellip;]<\/p>\n","protected":false},"author":1,"featured_media":0,"comment_status":"closed","ping_status":"closed","sticky":false,"template":"","format":"standard","meta":{"footnotes":""},"categories":[152],"tags":[],"class_list":["post-4899","post","type-post","status-publish","format-standard","hentry","category-normativa-urbanistica-de-aplicacion-planeamiento"],"_links":{"self":[{"href":"https:\/\/www.ciudadrodrigo.es\/ayuntamiento\/wp-json\/wp\/v2\/posts\/4899","targetHints":{"allow":["GET"]}}],"collection":[{"href":"https:\/\/www.ciudadrodrigo.es\/ayuntamiento\/wp-json\/wp\/v2\/posts"}],"about":[{"href":"https:\/\/www.ciudadrodrigo.es\/ayuntamiento\/wp-json\/wp\/v2\/types\/post"}],"author":[{"embeddable":true,"href":"https:\/\/www.ciudadrodrigo.es\/ayuntamiento\/wp-json\/wp\/v2\/users\/1"}],"replies":[{"embeddable":true,"href":"https:\/\/www.ciudadrodrigo.es\/ayuntamiento\/wp-json\/wp\/v2\/comments?post=4899"}],"version-history":[{"count":4,"href":"https:\/\/www.ciudadrodrigo.es\/ayuntamiento\/wp-json\/wp\/v2\/posts\/4899\/revisions"}],"predecessor-version":[{"id":16697,"href":"https:\/\/www.ciudadrodrigo.es\/ayuntamiento\/wp-json\/wp\/v2\/posts\/4899\/revisions\/16697"}],"wp:attachment":[{"href":"https:\/\/www.ciudadrodrigo.es\/ayuntamiento\/wp-json\/wp\/v2\/media?parent=4899"}],"wp:term":[{"taxonomy":"category","embeddable":true,"href":"https:\/\/www.ciudadrodrigo.es\/ayuntamiento\/wp-json\/wp\/v2\/categories?post=4899"},{"taxonomy":"post_tag","embeddable":true,"href":"https:\/\/www.ciudadrodrigo.es\/ayuntamiento\/wp-json\/wp\/v2\/tags?post=4899"}],"curies":[{"name":"wp","href":"https:\/\/api.w.org\/{rel}","templated":true}]}}