{"id":4904,"date":"2018-10-25T11:51:45","date_gmt":"2018-10-25T11:51:45","guid":{"rendered":"https:\/\/www.ciudadrodrigo.es\/ayuntamiento\/?p=4904"},"modified":"2018-12-27T11:04:02","modified_gmt":"2018-12-27T11:04:02","slug":"proyecto-de-actuacion-del-sector-15-2","status":"publish","type":"post","link":"https:\/\/www.ciudadrodrigo.es\/ayuntamiento\/proyecto-de-actuacion-del-sector-15-2\/","title":{"rendered":"Proyecto de Actuaci\u00f3n del Sector 15.2"},"content":{"rendered":"<p><strong>Proyecto de Actuaci\u00f3n del Sector 15.2<\/strong><\/p>\n<p><em><strong>CATEGOR\u00cdA:\u00a0<\/strong><\/em>Proyecto de Actuaci\u00f3n (Urbanizaci\u00f3n y Reparcelaci\u00f3n)<br \/>\n<em><strong>ACUERDO (\u00f3rgano y fechas):\u00a0<\/strong><\/em>Aprobaci\u00f3n Inicial, acuerdo Junta de Gobierno Local de 29\/07\/2011. Aprobaci\u00f3n Definitiva Acuerdo de la Junta de Gobierno Local de 22\/11\/2011. Recepci\u00f3n.<br \/>\n<em><strong>DESCRIPCI\u00d3N Y \u00c1MBITO DE APLICACI\u00d3N:\u00a0<\/strong><\/em>Reparcelaci\u00f3n y Urbanizaci\u00f3n de la zona comprendida entre la Avenida de Salamanca y calle de los Gremios. Sector 15.2<br \/>\n<em><strong>PROMOTOR:\u00a0<\/strong><\/em>Junta de Compensaci\u00f3n.<br \/>\n<em><strong>PUNTO DE INFORMACI\u00d3N:\u00a0<\/strong><\/em>Ayuntamiento de Ciudad Rodrigo. Plaza Mayor 27. Primera planta. Servicio de Urbanismo.<br \/>\n<strong><em>FECHAS DE PUBLICACI\u00d3N:\u00a0<\/em><\/strong>Aprobaci\u00f3n Inicial, BOCYL, de 12\/08\/2011. Aprobaci\u00f3n Definitiva, BOCYL, 7\/12\/2011.<\/p>\n<p><span style=\"text-decoration: underline;\"><em><strong><br \/>\nDOCUMENTOS:<\/strong><\/em><\/span><\/p>\n<table style=\"height: 212px;\" width=\"368\">\n<tbody>\n<tr>\n<td style=\"width: 30px; text-align: left; vertical-align: middle;\"><img loading=\"lazy\" decoding=\"async\" class=\"alignleft size-full wp-image-2515\" src=\"http:\/\/www.ciudadrodrigo.es\/ayuntamiento\/wp-content\/uploads\/2018\/04\/iconoDescargaPdf.png\" alt=\"iconodescargapdf\" width=\"30\" height=\"30\" \/><\/td>\n<td>\u00a0 <a href=\"http:\/\/www.ciudadrodrigo.es\/ayuntamiento\/wp-content\/uploads\/2018\/10\/0-MEMORIA.pdf\" target=\"_blank\">Memoria.<\/a><\/td>\n<\/tr>\n<tr>\n<td style=\"width: 30px; text-align: left; vertical-align: middle;\"><img loading=\"lazy\" decoding=\"async\" class=\"alignleft size-full wp-image-2515\" src=\"http:\/\/www.ciudadrodrigo.es\/ayuntamiento\/wp-content\/uploads\/2018\/04\/iconoDescargaPdf.png\" alt=\"iconodescargapdf\" width=\"30\" height=\"30\" \/><\/td>\n<td>\u00a0 <a href=\"http:\/\/www.ciudadrodrigo.es\/ayuntamiento\/wp-content\/uploads\/2018\/10\/1-SITUACION.pdf\" target=\"_blank\">Situaci\u00f3n.<\/a><\/td>\n<\/tr>\n<tr>\n<td style=\"width: 30px; text-align: left; vertical-align: middle;\"><img loading=\"lazy\" decoding=\"async\" class=\"alignleft size-full wp-image-2515\" src=\"http:\/\/www.ciudadrodrigo.es\/ayuntamiento\/wp-content\/uploads\/2018\/04\/iconoDescargaPdf.png\" alt=\"iconodescargapdf\" width=\"30\" height=\"30\" \/><\/td>\n<td>\u00a0 <a href=\"http:\/\/www.ciudadrodrigo.es\/ayuntamiento\/wp-content\/uploads\/2018\/10\/2-CARACTERISTICAS-U-ACTUACION.pdf\" target=\"_blank\">Caracter\u00edsticas Actuaci\u00f3n.<\/a><\/td>\n<\/tr>\n<tr>\n<td style=\"width: 30px; text-align: left; vertical-align: middle;\"><img loading=\"lazy\" decoding=\"async\" class=\"alignleft size-full wp-image-2515\" src=\"http:\/\/www.ciudadrodrigo.es\/ayuntamiento\/wp-content\/uploads\/2018\/04\/iconoDescargaPdf.png\" alt=\"iconodescargapdf\" width=\"30\" height=\"30\" \/><\/td>\n<td>\u00a0 <a href=\"http:\/\/www.ciudadrodrigo.es\/ayuntamiento\/wp-content\/uploads\/2018\/10\/3-PLANEAMIENTO-URBANISTICO-VIGENTE.pdf\" target=\"_blank\">Planeamiento urban\u00edstico vigente.<\/a><\/td>\n<\/tr>\n<tr>\n<td style=\"width: 30px; text-align: left; vertical-align: middle;\"><img loading=\"lazy\" decoding=\"async\" class=\"alignleft size-full wp-image-2515\" src=\"http:\/\/www.ciudadrodrigo.es\/ayuntamiento\/wp-content\/uploads\/2018\/04\/iconoDescargaPdf.png\" alt=\"iconodescargapdf\" width=\"30\" height=\"30\" \/><\/td>\n<td>\u00a0\u00a0<a href=\"http:\/\/www.ciudadrodrigo.es\/ayuntamiento\/wp-content\/uploads\/2018\/10\/4-INFORMACION-FINCAS-APORTADAS.pdf\" target=\"_blank\">Informaci\u00f3n fincas aportadas.<\/a><\/td>\n<\/tr>\n<tr>\n<td style=\"width: 30px; text-align: left; vertical-align: middle;\"><img loading=\"lazy\" decoding=\"async\" class=\"alignleft size-full wp-image-2515\" src=\"http:\/\/www.ciudadrodrigo.es\/ayuntamiento\/wp-content\/uploads\/2018\/04\/iconoDescargaPdf.png\" alt=\"iconodescargapdf\" width=\"30\" height=\"30\" \/><\/td>\n<td>\u00a0\u00a0<a href=\"http:\/\/www.ciudadrodrigo.es\/ayuntamiento\/wp-content\/uploads\/2018\/10\/5-1-VALORACION-PARCELAS-RESULTANTES.pdf\" target=\"_blank\">Valoraci\u00f3n parcelas resultantes.<\/a><\/td>\n<\/tr>\n<tr>\n<td style=\"width: 30px; text-align: left; vertical-align: middle;\"><img loading=\"lazy\" decoding=\"async\" class=\"alignleft size-full wp-image-2515\" src=\"http:\/\/www.ciudadrodrigo.es\/ayuntamiento\/wp-content\/uploads\/2018\/04\/iconoDescargaPdf.png\" alt=\"iconodescargapdf\" width=\"30\" height=\"30\" \/><\/td>\n<td>\u00a0\u00a0<a href=\"http:\/\/www.ciudadrodrigo.es\/ayuntamiento\/wp-content\/uploads\/2018\/10\/5-2-ADJUDICACION-DE-FINCAS.pdf\" target=\"_blank\">Adjudicaci\u00f3n de fincas<\/a>.<\/td>\n<\/tr>\n<tr>\n<td style=\"width: 30px; text-align: left; vertical-align: middle;\"><img loading=\"lazy\" decoding=\"async\" class=\"alignleft size-full wp-image-2515\" src=\"http:\/\/www.ciudadrodrigo.es\/ayuntamiento\/wp-content\/uploads\/2018\/04\/iconoDescargaPdf.png\" alt=\"iconodescargapdf\" width=\"30\" height=\"30\" \/><\/td>\n<td>\u00a0<a href=\"http:\/\/www.ciudadrodrigo.es\/ayuntamiento\/wp-content\/uploads\/2018\/10\/5-3-INFORMACION-ADJUDICACION.pdf\" target=\"_blank\">Informaci\u00f3n adjudicaci\u00f3n.<\/a><\/td>\n<\/tr>\n<\/tbody>\n<\/table>\n<p>&nbsp;<\/p>\n","protected":false},"excerpt":{"rendered":"<p>Proyecto de Actuaci\u00f3n del Sector 15.2 CATEGOR\u00cdA:\u00a0Proyecto de Actuaci\u00f3n (Urbanizaci\u00f3n y Reparcelaci\u00f3n) ACUERDO (\u00f3rgano y fechas):\u00a0Aprobaci\u00f3n Inicial, acuerdo Junta de Gobierno Local de 29\/07\/2011. Aprobaci\u00f3n Definitiva Acuerdo de la Junta de Gobierno Local de 22\/11\/2011. Recepci\u00f3n. DESCRIPCI\u00d3N Y \u00c1MBITO DE APLICACI\u00d3N:\u00a0Reparcelaci\u00f3n y Urbanizaci\u00f3n de la zona comprendida entre la Avenida de Salamanca y calle de [&hellip;]<\/p>\n","protected":false},"author":1,"featured_media":0,"comment_status":"closed","ping_status":"closed","sticky":false,"template":"","format":"standard","meta":{"footnotes":""},"categories":[153],"tags":[],"class_list":["post-4904","post","type-post","status-publish","format-standard","hentry","category-normativa-urbanistica-de-aplicacion-gestion"],"_links":{"self":[{"href":"https:\/\/www.ciudadrodrigo.es\/ayuntamiento\/wp-json\/wp\/v2\/posts\/4904","targetHints":{"allow":["GET"]}}],"collection":[{"href":"https:\/\/www.ciudadrodrigo.es\/ayuntamiento\/wp-json\/wp\/v2\/posts"}],"about":[{"href":"https:\/\/www.ciudadrodrigo.es\/ayuntamiento\/wp-json\/wp\/v2\/types\/post"}],"author":[{"embeddable":true,"href":"https:\/\/www.ciudadrodrigo.es\/ayuntamiento\/wp-json\/wp\/v2\/users\/1"}],"replies":[{"embeddable":true,"href":"https:\/\/www.ciudadrodrigo.es\/ayuntamiento\/wp-json\/wp\/v2\/comments?post=4904"}],"version-history":[{"count":8,"href":"https:\/\/www.ciudadrodrigo.es\/ayuntamiento\/wp-json\/wp\/v2\/posts\/4904\/revisions"}],"predecessor-version":[{"id":5231,"href":"https:\/\/www.ciudadrodrigo.es\/ayuntamiento\/wp-json\/wp\/v2\/posts\/4904\/revisions\/5231"}],"wp:attachment":[{"href":"https:\/\/www.ciudadrodrigo.es\/ayuntamiento\/wp-json\/wp\/v2\/media?parent=4904"}],"wp:term":[{"taxonomy":"category","embeddable":true,"href":"https:\/\/www.ciudadrodrigo.es\/ayuntamiento\/wp-json\/wp\/v2\/categories?post=4904"},{"taxonomy":"post_tag","embeddable":true,"href":"https:\/\/www.ciudadrodrigo.es\/ayuntamiento\/wp-json\/wp\/v2\/tags?post=4904"}],"curies":[{"name":"wp","href":"https:\/\/api.w.org\/{rel}","templated":true}]}}