{"id":4913,"date":"2018-10-25T16:11:02","date_gmt":"2018-10-25T16:11:02","guid":{"rendered":"https:\/\/www.ciudadrodrigo.es\/ayuntamiento\/?p=4913"},"modified":"2020-02-13T13:11:24","modified_gmt":"2020-02-13T12:11:24","slug":"modificacion-puntual-no-7-del-pgou-de-ciudad-rodrigo-para-la-adaptacion-de-la-normativa-del-suelo-rustico-a-la-ley-72014-creacion-del-suelo-rustico-de-asentamiento-irregular","status":"publish","type":"post","link":"https:\/\/www.ciudadrodrigo.es\/ayuntamiento\/modificacion-puntual-no-7-del-pgou-de-ciudad-rodrigo-para-la-adaptacion-de-la-normativa-del-suelo-rustico-a-la-ley-72014-creacion-del-suelo-rustico-de-asentamiento-irregular\/","title":{"rendered":"Modificaci\u00f3n puntual N\u00ba 7 del PGOU de Ciudad Rodrigo para la adaptaci\u00f3n de la normativa del suelo R\u00fastico a la Ley 7\/2014. Creaci\u00f3n del suelo R\u00fastico de Asentamiento Irregular."},"content":{"rendered":"<p><strong>Modificaci\u00f3n puntual N\u00ba 7 del PGOU de Ciudad Rodrigo para la adaptaci\u00f3n de la normativa del suelo R\u00fastico a la Ley 7\/2014. Creaci\u00f3n del suelo R\u00fastico de Asentamiento Irregular.<\/strong><\/p>\n<p><strong>APROBACI\u00d3N INICIAL:<\/strong> Acuerdo plenario del 24 de abril de 2015<br \/>\n<span style=\"text-decoration: underline;\"><em><br \/>\nPUBLICACI\u00d3N:<\/em><br \/>\n<\/span><strong>PUBLICACI\u00d3N BOCYL:<\/strong> <a href=\"http:\/\/bocyl.jcyl.es\/boletines\/2015\/05\/13\/pdf\/BOCYL-D-13052015-70.pdf\" target=\"_blank\" rel=\"noopener noreferrer\"><strong>BOCYL N\u00ba 89 DE 13\/05\/2015<\/strong><\/a><br \/>\n<strong>PUBLICACI\u00d3N PRENSA:<\/strong> La Gaceta de Salamanca de 7 de mayo de 2015<br \/>\n<strong>PUBLICACI\u00d3N WEB:<\/strong> 24 de abril de 2015.<br \/>\n<strong>PRESENTACI\u00d3N DE ALEGACIONES:<\/strong> dos meses desde la \u00faltima de las publicaciones, es decir hasta el 6 de julio de 2015.<br \/>\n<em><span style=\"text-decoration: underline;\"><br \/>\nPUBLICACI\u00d3N POR HABERSE REALIZADO UNA MODIFICACI\u00d3N SUSTANCIAL DEL MISMO<\/span>:<\/em> Acuerdo Plenario del 11 de octubre de 2017.<br \/>\n<strong>PUBLICACI\u00d3N BOCYL:<\/strong> 3 de noviembre de 2017<br \/>\n<strong>PUBLICACI\u00d3N PRENSA:<\/strong> 1 de noviembre 2017.<br \/>\n<strong>PUBLICACI\u00d3N WEB:<\/strong> 31 de octubre de 2017<br \/>\n<strong>PRESENTACI\u00d3N DE ALEGACIONES:<\/strong> Hasta el 2 de enero de 2018.<\/p>\n<p><strong>APROBACI\u00d3N PROVISIONAL:\u00a0<\/strong>Pleno 6 de abril de 2018, suspendida <strong>AP<\/strong> por acuerdo CTMAyU de fecha 26 de julio de 2018.<\/p>\n<p><em><span style=\"text-decoration: underline;\">\u00a0PUBLICACI\u00d3N POR HABERSE REALIZADO UNA MODIFICACI\u00d3N SUSTANCIAL DEL MISMO<\/span>:<\/em>\u00a0Acuerdo Plenario del 27\u00a0de diciembre\u00a0de 2018.<br \/>\n<strong>PUBLICACI\u00d3N BOCYL:<\/strong>\u00a0N\u00ba 11 de 17 de enero de 2019<br \/>\n<strong>PUBLICACI\u00d3N PRENSA:\u00a0<\/strong>La\u00a0\u00a0Gaceta de Salamanca de 11 de enero de 2019.<br \/>\n<strong>PUBLICACI\u00d3N WEB:<\/strong>\u00a022 de enero de 2019<br \/>\n<strong>PRESENTACI\u00d3N DE ALEGACIONES:<\/strong>\u00a0Un\u00a0mes desde la \u00faltima de las publicaciones.<\/p>\n<p><strong>APROBACI\u00d3N PROVISIONAL<\/strong>: Acuerdo plenario de 2 de abril de 2019.<\/p>\n<p><strong>APROBACI\u00d3N DEFINITIVA:<\/strong>\u00a0Acuerdo\u00a0CTMAyU de fecha 23 de julio de 2019.<br \/>\n<span style=\"text-decoration: underline;\"><em><br \/>\nPUBLICACI\u00d3N:<\/em><br \/>\n<\/span><strong>PUBLICACI\u00d3N BOCYL: <\/strong>N\u00ba 185 de 25 de septiembre de 2019<\/p>\n<p><span style=\"text-decoration: underline;\"><em><strong><br \/>\nDOCUMENTOS:<\/strong><\/em><\/span><\/p>\n<table style=\"height: 95px;\" width=\"869\">\n<tbody>\n<tr>\n<td style=\"width: 30px; text-align: left; vertical-align: middle;\"><img loading=\"lazy\" decoding=\"async\" class=\"alignleft size-full wp-image-2515\" src=\"http:\/\/www.ciudadrodrigo.es\/ayuntamiento\/wp-content\/uploads\/2018\/04\/iconoDescargaPdf.png\" alt=\"iconodescargapdf\" width=\"30\" height=\"30\" \/><\/td>\n<td>\u00a0<a href=\"http:\/\/www.ciudadrodrigo.es\/ayuntamiento\/wp-content\/uploads\/2018\/10\/Modificacion-Puntual-N7-del-PGOU-de-Ciudad-Rodrigo-AdapLey7-2014.pdf\" target=\"_blank\" rel=\"noopener noreferrer\">Modificaci\u00f3n puntual N\u00ba 7 PGOU Ciudad Rodrigo. Adaptaci\u00f3n normativa suelo r\u00fastico a la Ley 7\/2014.<\/a><\/td>\n<\/tr>\n<tr>\n<td style=\"width: 30px; text-align: left; vertical-align: middle;\"><img loading=\"lazy\" decoding=\"async\" class=\"alignleft size-full wp-image-2515\" src=\"http:\/\/www.ciudadrodrigo.es\/ayuntamiento\/wp-content\/uploads\/2018\/04\/iconoDescargaPdf.png\" alt=\"iconodescargapdf\" width=\"30\" height=\"30\" \/><\/td>\n<td>\u00a0<a href=\"http:\/\/www.ciudadrodrigo.es\/ayuntamiento\/wp-content\/uploads\/2018\/10\/Documento-que-contiene-las-modificaciones-sustanciales-a-nueva-inf.pdf\" target=\"_blank\" rel=\"noopener noreferrer\">Documento que contiene las modificaciones sustanciales sometido a nueva informacio\u0301n publica.<\/a><\/td>\n<\/tr>\n<tr>\n<td style=\"width: 30px; text-align: left; vertical-align: middle;\"><img loading=\"lazy\" decoding=\"async\" class=\"alignnone size-full wp-image-2515\" src=\"https:\/\/www.ciudadrodrigo.es\/ayuntamiento\/wp-content\/uploads\/2018\/04\/iconoDescargaPdf.png\" alt=\"iconodescargapdf\" width=\"30\" height=\"30\" \/><\/td>\n<td><a href=\"https:\/\/www.ciudadrodrigo.es\/ayuntamiento\/wp-content\/uploads\/2019\/11\/Acuerdoaprobaciondefinitiva.pdf\" target=\"_blank\" rel=\"noopener noreferrer\">\u00a0Acuerdo aprobaci\u00f3n definitiva<\/a><\/td>\n<\/tr>\n<\/tbody>\n<\/table>\n<p>&nbsp;<\/p>\n","protected":false},"excerpt":{"rendered":"<p>Modificaci\u00f3n puntual N\u00ba 7 del PGOU de Ciudad Rodrigo para la adaptaci\u00f3n de la normativa del suelo R\u00fastico a la Ley 7\/2014. Creaci\u00f3n del suelo R\u00fastico de Asentamiento Irregular. APROBACI\u00d3N INICIAL: Acuerdo plenario del 24 de abril de 2015 PUBLICACI\u00d3N: PUBLICACI\u00d3N BOCYL: BOCYL N\u00ba 89 DE 13\/05\/2015 PUBLICACI\u00d3N PRENSA: La Gaceta de Salamanca de 7 [&hellip;]<\/p>\n","protected":false},"author":1,"featured_media":0,"comment_status":"closed","ping_status":"closed","sticky":false,"template":"","format":"standard","meta":{"footnotes":""},"categories":[152],"tags":[],"class_list":["post-4913","post","type-post","status-publish","format-standard","hentry","category-normativa-urbanistica-de-aplicacion-planeamiento"],"_links":{"self":[{"href":"https:\/\/www.ciudadrodrigo.es\/ayuntamiento\/wp-json\/wp\/v2\/posts\/4913","targetHints":{"allow":["GET"]}}],"collection":[{"href":"https:\/\/www.ciudadrodrigo.es\/ayuntamiento\/wp-json\/wp\/v2\/posts"}],"about":[{"href":"https:\/\/www.ciudadrodrigo.es\/ayuntamiento\/wp-json\/wp\/v2\/types\/post"}],"author":[{"embeddable":true,"href":"https:\/\/www.ciudadrodrigo.es\/ayuntamiento\/wp-json\/wp\/v2\/users\/1"}],"replies":[{"embeddable":true,"href":"https:\/\/www.ciudadrodrigo.es\/ayuntamiento\/wp-json\/wp\/v2\/comments?post=4913"}],"version-history":[{"count":11,"href":"https:\/\/www.ciudadrodrigo.es\/ayuntamiento\/wp-json\/wp\/v2\/posts\/4913\/revisions"}],"predecessor-version":[{"id":7758,"href":"https:\/\/www.ciudadrodrigo.es\/ayuntamiento\/wp-json\/wp\/v2\/posts\/4913\/revisions\/7758"}],"wp:attachment":[{"href":"https:\/\/www.ciudadrodrigo.es\/ayuntamiento\/wp-json\/wp\/v2\/media?parent=4913"}],"wp:term":[{"taxonomy":"category","embeddable":true,"href":"https:\/\/www.ciudadrodrigo.es\/ayuntamiento\/wp-json\/wp\/v2\/categories?post=4913"},{"taxonomy":"post_tag","embeddable":true,"href":"https:\/\/www.ciudadrodrigo.es\/ayuntamiento\/wp-json\/wp\/v2\/tags?post=4913"}],"curies":[{"name":"wp","href":"https:\/\/api.w.org\/{rel}","templated":true}]}}