{"id":4915,"date":"2018-10-25T16:28:54","date_gmt":"2018-10-25T16:28:54","guid":{"rendered":"https:\/\/www.ciudadrodrigo.es\/ayuntamiento\/?p=4915"},"modified":"2020-02-13T13:12:12","modified_gmt":"2020-02-13T12:12:12","slug":"estudio-de-detalle-de-las-parcelas-5-y-13-del-pas-11-2","status":"publish","type":"post","link":"https:\/\/www.ciudadrodrigo.es\/ayuntamiento\/estudio-de-detalle-de-las-parcelas-5-y-13-del-pas-11-2\/","title":{"rendered":"Estudio de detalle de las parcelas 5 y 13 del PAS 11.2"},"content":{"rendered":"<p><strong>Estudio de detalle de las parcelas 5 y 13 del PAS 11.2<\/strong><\/p>\n<p><strong>APROBACI\u00d3N INICIAL:<\/strong> Acuerdo JGL de fecha 19\/01\/2017<br \/>\n<strong>ANUNCIO DE INFORMACI\u00d3N PUBLICA:<\/strong> 31\/01\/2017 Descargar de documentos adjuntos.<br \/>\n<strong>PUBLICACI\u00d3N EN BOCYL:<\/strong> <a href=\"http:\/\/bocyl.jcyl.es\/boletines\/2017\/02\/08\/pdf\/BOCYL-D-08022017-22.pdf\" target=\"_blank\" rel=\"noopener noreferrer\">8 de febrero de 2017.<\/a><br \/>\n<strong>PUBLICACI\u00d3N EN PRENSA:<\/strong> Norte de Castilla del 3 de febrero de 2017.<br \/>\n<strong>PRESENTACI\u00d3N DE ALEGACIONES:<\/strong> Hasta el 8 de marzo de 2017.<br \/>\n<strong>APROBACI\u00d3N DEFINITIVA:<\/strong> Acuerdo Plenario de fecha 11 de mayo de 2017.<br \/>\n<strong>PUBLICACI\u00d3N BOCYL:<\/strong> 13 de junio de 2017.<\/p>\n<p><span style=\"text-decoration: underline;\"><em><strong><br \/>\nDOCUMENTOS:<\/strong><\/em><\/span><\/p>\n<table style=\"height: 308px;\" width=\"938\">\n<tbody>\n<tr>\n<td style=\"width: 30px; text-align: left; vertical-align: middle;\"><img loading=\"lazy\" decoding=\"async\" class=\"alignleft size-full wp-image-2515\" src=\"http:\/\/www.ciudadrodrigo.es\/ayuntamiento\/wp-content\/uploads\/2018\/04\/iconoDescargaPdf.png\" alt=\"iconodescargapdf\" width=\"30\" height=\"30\" \/><\/td>\n<td>\u00a0<a href=\"http:\/\/www.ciudadrodrigo.es\/ayuntamiento\/wp-content\/uploads\/2018\/10\/MEMORIA-parcelas-5-y-13-PAS-11-2.pdf\" target=\"_blank\" rel=\"noopener noreferrer\">Memoria.<\/a><\/td>\n<\/tr>\n<tr>\n<td style=\"width: 30px; text-align: left; vertical-align: middle;\"><img loading=\"lazy\" decoding=\"async\" class=\"alignleft size-full wp-image-2515\" src=\"http:\/\/www.ciudadrodrigo.es\/ayuntamiento\/wp-content\/uploads\/2018\/04\/iconoDescargaPdf.png\" alt=\"iconodescargapdf\" width=\"30\" height=\"30\" \/><\/td>\n<td>\u00a0<a href=\"http:\/\/www.ciudadrodrigo.es\/ayuntamiento\/wp-content\/uploads\/2018\/10\/MEMORIA-VINCULANTE-parcelas-5-y-13-PAS-11-2.pdf\" target=\"_blank\" rel=\"noopener noreferrer\">Memoria vinculante.<\/a><\/td>\n<\/tr>\n<tr>\n<td style=\"width: 30px; text-align: left; vertical-align: middle;\"><img loading=\"lazy\" decoding=\"async\" class=\"alignleft size-full wp-image-2515\" src=\"http:\/\/www.ciudadrodrigo.es\/ayuntamiento\/wp-content\/uploads\/2018\/04\/iconoDescargaPdf.png\" alt=\"iconodescargapdf\" width=\"30\" height=\"30\" \/><\/td>\n<td>\u00a0<a href=\"http:\/\/www.ciudadrodrigo.es\/ayuntamiento\/wp-content\/uploads\/2018\/10\/PLANOS-DE-ORDENACION-parcelas-5-y-13-PAS-11-2.pdf\" target=\"_blank\" rel=\"noopener noreferrer\">Planos de ordenaci\u00f3n.<\/a><\/td>\n<\/tr>\n<tr>\n<td style=\"width: 30px; text-align: left; vertical-align: middle;\"><img loading=\"lazy\" decoding=\"async\" class=\"alignleft size-full wp-image-2515\" src=\"http:\/\/www.ciudadrodrigo.es\/ayuntamiento\/wp-content\/uploads\/2018\/04\/iconoDescargaPdf.png\" alt=\"iconodescargapdf\" width=\"30\" height=\"30\" \/><\/td>\n<td>\u00a0<a href=\"http:\/\/www.ciudadrodrigo.es\/ayuntamiento\/wp-content\/uploads\/2018\/10\/PLANOS-DE-INFORMACION-parcelas-5-y-13-PAS-11-2.pdf\" target=\"_blank\" rel=\"noopener noreferrer\">Planos de informaci\u00f3n.<\/a><\/td>\n<\/tr>\n<tr>\n<td style=\"width: 30px; text-align: left; vertical-align: middle;\"><img loading=\"lazy\" decoding=\"async\" class=\"alignleft size-full wp-image-2515\" src=\"http:\/\/www.ciudadrodrigo.es\/ayuntamiento\/wp-content\/uploads\/2018\/04\/iconoDescargaPdf.png\" alt=\"iconodescargapdf\" width=\"30\" height=\"30\" \/><\/td>\n<td>\u00a0<a href=\"http:\/\/www.ciudadrodrigo.es\/ayuntamiento\/wp-content\/uploads\/2018\/10\/ANUNCIO-APROBACION-INICIAL-parcelas-5-y-13-PAS-11-2.pdf\" target=\"_blank\" rel=\"noopener noreferrer\">Anuncio aprobaci\u00f3n inicial.<\/a><\/td>\n<\/tr>\n<tr>\n<td style=\"width: 30px; text-align: left; vertical-align: middle;\"><img loading=\"lazy\" decoding=\"async\" class=\"alignleft size-full wp-image-2515\" src=\"http:\/\/www.ciudadrodrigo.es\/ayuntamiento\/wp-content\/uploads\/2018\/04\/iconoDescargaPdf.png\" alt=\"iconodescargapdf\" width=\"30\" height=\"30\" \/><\/td>\n<td>\u00a0<a href=\"http:\/\/www.ciudadrodrigo.es\/ayuntamiento\/wp-content\/uploads\/2018\/10\/Publicacion-BOCYL-AprobacionDefinitiva-parcelas5y13-pas-2.pdf\" target=\"_blank\" rel=\"noopener noreferrer\">Publicaci\u00f3n aprobaci\u00f3n definitiva B.O.C.Y.L<\/a>. &#8211;\u00a0<a href=\"http:\/\/bocyl.jcyl.es\/boletines\/2017\/06\/13\/pdf\/BOCYL-D-13062017-31.pdf\" target=\"_blank\" rel=\"noopener noreferrer\">http:\/\/bocyl.jcyl.es\/boletines\/2017\/06\/13\/pdf\/BOCYL-D-13062017-31.pdf<\/a><\/td>\n<\/tr>\n<\/tbody>\n<\/table>\n<p>&nbsp;<\/p>\n","protected":false},"excerpt":{"rendered":"<p>Estudio de detalle de las parcelas 5 y 13 del PAS 11.2 APROBACI\u00d3N INICIAL: Acuerdo JGL de fecha 19\/01\/2017 ANUNCIO DE INFORMACI\u00d3N PUBLICA: 31\/01\/2017 Descargar de documentos adjuntos. PUBLICACI\u00d3N EN BOCYL: 8 de febrero de 2017. PUBLICACI\u00d3N EN PRENSA: Norte de Castilla del 3 de febrero de 2017. PRESENTACI\u00d3N DE ALEGACIONES: Hasta el 8 de [&hellip;]<\/p>\n","protected":false},"author":1,"featured_media":0,"comment_status":"closed","ping_status":"closed","sticky":false,"template":"","format":"standard","meta":{"footnotes":""},"categories":[152],"tags":[],"class_list":["post-4915","post","type-post","status-publish","format-standard","hentry","category-normativa-urbanistica-de-aplicacion-planeamiento"],"_links":{"self":[{"href":"https:\/\/www.ciudadrodrigo.es\/ayuntamiento\/wp-json\/wp\/v2\/posts\/4915","targetHints":{"allow":["GET"]}}],"collection":[{"href":"https:\/\/www.ciudadrodrigo.es\/ayuntamiento\/wp-json\/wp\/v2\/posts"}],"about":[{"href":"https:\/\/www.ciudadrodrigo.es\/ayuntamiento\/wp-json\/wp\/v2\/types\/post"}],"author":[{"embeddable":true,"href":"https:\/\/www.ciudadrodrigo.es\/ayuntamiento\/wp-json\/wp\/v2\/users\/1"}],"replies":[{"embeddable":true,"href":"https:\/\/www.ciudadrodrigo.es\/ayuntamiento\/wp-json\/wp\/v2\/comments?post=4915"}],"version-history":[{"count":3,"href":"https:\/\/www.ciudadrodrigo.es\/ayuntamiento\/wp-json\/wp\/v2\/posts\/4915\/revisions"}],"predecessor-version":[{"id":7759,"href":"https:\/\/www.ciudadrodrigo.es\/ayuntamiento\/wp-json\/wp\/v2\/posts\/4915\/revisions\/7759"}],"wp:attachment":[{"href":"https:\/\/www.ciudadrodrigo.es\/ayuntamiento\/wp-json\/wp\/v2\/media?parent=4915"}],"wp:term":[{"taxonomy":"category","embeddable":true,"href":"https:\/\/www.ciudadrodrigo.es\/ayuntamiento\/wp-json\/wp\/v2\/categories?post=4915"},{"taxonomy":"post_tag","embeddable":true,"href":"https:\/\/www.ciudadrodrigo.es\/ayuntamiento\/wp-json\/wp\/v2\/tags?post=4915"}],"curies":[{"name":"wp","href":"https:\/\/api.w.org\/{rel}","templated":true}]}}