{"id":4922,"date":"2018-10-25T16:43:15","date_gmt":"2018-10-25T16:43:15","guid":{"rendered":"https:\/\/www.ciudadrodrigo.es\/ayuntamiento\/?p=4922"},"modified":"2020-02-13T13:19:43","modified_gmt":"2020-02-13T12:19:43","slug":"modificacion-no-8-del-pgou-para-la-reclasificacion-de-los-terrenos-del-sector-35-como-suelo-rustico-comun","status":"publish","type":"post","link":"https:\/\/www.ciudadrodrigo.es\/ayuntamiento\/modificacion-no-8-del-pgou-para-la-reclasificacion-de-los-terrenos-del-sector-35-como-suelo-rustico-comun\/","title":{"rendered":"Modificaci\u00f3n N\u00ba 8 del PGOU para la reclasificaci\u00f3n de los terrenos del Sector 35 como suelo r\u00fastico com\u00fan"},"content":{"rendered":"<p><strong>Modificaci\u00f3n N\u00ba 8 del PGOU para la reclasificaci\u00f3n de los terrenos del Sector 35 como suelo r\u00fastico com\u00fan<\/strong><\/p>\n<p><strong>PROMOTOR:<\/strong> Ayuntamiento de Ciudad Rodrigo.<br \/>\n<strong>APROBACI\u00d3N INICIAL:<\/strong><br \/>\n&#8211; <span style=\"text-decoration: underline;\">Acuerdo Plenario:<\/span> 24 de marzo de 2017<br \/>\n&#8211; <span style=\"text-decoration: underline;\">Publicaci\u00f3n Web:<\/span> 21 de abril de 2017.<br \/>\n&#8211; <span style=\"text-decoration: underline;\">Publicaci\u00f3n BOCyL:<\/span> n\u00ba 81 de 2 de mayo de 2017<br \/>\n&#8211; <span style=\"text-decoration: underline;\">Publicaci\u00f3n Prensa:<\/span> El Norte de Castilla 3 de mayo de 2017<br \/>\n&#8211; <span style=\"text-decoration: underline;\">Per\u00edodo de informaci\u00f3n P\u00fablica:<\/span> Hasta el d\u00eda 3 de julio de 2017.<\/p>\n<p><strong>APROBACI\u00d3N PROVISIONAL:<\/strong><br \/>\n&#8211; Acuerdo Plenario: 06 de abril de 2018.<\/p>\n<p><strong>APROBACI\u00d3N DEFINITIVA:<\/strong><br \/>\n&#8211; Comisi\u00f3n Territorial de Medio Ambiente y Urbanismo: 7 de junio de 2016<br \/>\n&#8211; Publicaci\u00f3n BOCyL: <a href=\"http:\/\/bocyl.jcyl.es\/boletines\/2018\/11\/30\/pdf\/BOCYL-D-30112018-9.pdf\" target=\"_blank\" rel=\"noopener noreferrer\">30\/11\/2018<\/a><\/p>\n<p>&nbsp;<\/p>\n<p><span style=\"text-decoration: underline;\"><em><strong>DOCUMENTOS:<\/strong><\/em><\/span><\/p>\n<table style=\"height: 151px;\" width=\"316\">\n<tbody>\n<tr>\n<td style=\"width: 30px; text-align: left; vertical-align: middle;\"><img loading=\"lazy\" decoding=\"async\" class=\"alignleft size-full wp-image-2515\" src=\"http:\/\/www.ciudadrodrigo.es\/ayuntamiento\/wp-content\/uploads\/2018\/04\/iconoDescargaPdf.png\" alt=\"iconodescargapdf\" width=\"30\" height=\"30\" \/><\/td>\n<td>\u00a0<a href=\"http:\/\/www.ciudadrodrigo.es\/ayuntamiento\/wp-content\/uploads\/2018\/10\/Memoria-modificacion-N8-PGOU-Sector35.pdf\" target=\"_blank\" rel=\"noopener noreferrer\">Memoria<\/a><\/td>\n<\/tr>\n<tr>\n<td style=\"width: 30px; text-align: left; vertical-align: middle;\"><img loading=\"lazy\" decoding=\"async\" class=\"alignleft size-full wp-image-2515\" src=\"http:\/\/www.ciudadrodrigo.es\/ayuntamiento\/wp-content\/uploads\/2018\/04\/iconoDescargaPdf.png\" alt=\"iconodescargapdf\" width=\"30\" height=\"30\" \/><\/td>\n<td>\u00a0<a href=\"http:\/\/www.ciudadrodrigo.es\/ayuntamiento\/wp-content\/uploads\/2018\/10\/Planos-1-modificacion-N8-PGOU-Sector35.pdf\" target=\"_blank\" rel=\"noopener noreferrer\">Planos 1<\/a><\/td>\n<\/tr>\n<tr>\n<td style=\"width: 30px; text-align: left; vertical-align: middle;\"><img loading=\"lazy\" decoding=\"async\" class=\"alignleft size-full wp-image-2515\" src=\"http:\/\/www.ciudadrodrigo.es\/ayuntamiento\/wp-content\/uploads\/2018\/04\/iconoDescargaPdf.png\" alt=\"iconodescargapdf\" width=\"30\" height=\"30\" \/><\/td>\n<td>\u00a0<a href=\"http:\/\/www.ciudadrodrigo.es\/ayuntamiento\/wp-content\/uploads\/2018\/10\/Planos-2-modificacion-N8-PGOU-Sector35.pdf\" target=\"_blank\" rel=\"noopener noreferrer\">Planos 2<\/a><\/td>\n<\/tr>\n<tr>\n<td style=\"width: 30px; text-align: left; vertical-align: middle;\"><img loading=\"lazy\" decoding=\"async\" class=\"alignleft size-full wp-image-2515\" src=\"http:\/\/www.ciudadrodrigo.es\/ayuntamiento\/wp-content\/uploads\/2018\/04\/iconoDescargaPdf.png\" alt=\"iconodescargapdf\" width=\"30\" height=\"30\" \/><\/td>\n<td>\u00a0<a href=\"http:\/\/www.ciudadrodrigo.es\/ayuntamiento\/wp-content\/uploads\/2018\/10\/Planos-3-modificacion-N8-PGOU-Sector35.pdf\" target=\"_blank\" rel=\"noopener noreferrer\">Planos 3<\/a><\/td>\n<\/tr>\n<\/tbody>\n<\/table>\n<p>&nbsp;<\/p>\n","protected":false},"excerpt":{"rendered":"<p>Modificaci\u00f3n N\u00ba 8 del PGOU para la reclasificaci\u00f3n de los terrenos del Sector 35 como suelo r\u00fastico com\u00fan PROMOTOR: Ayuntamiento de Ciudad Rodrigo. APROBACI\u00d3N INICIAL: &#8211; Acuerdo Plenario: 24 de marzo de 2017 &#8211; Publicaci\u00f3n Web: 21 de abril de 2017. &#8211; Publicaci\u00f3n BOCyL: n\u00ba 81 de 2 de mayo de 2017 &#8211; Publicaci\u00f3n Prensa: [&hellip;]<\/p>\n","protected":false},"author":1,"featured_media":0,"comment_status":"closed","ping_status":"closed","sticky":false,"template":"","format":"standard","meta":{"footnotes":""},"categories":[152],"tags":[],"class_list":["post-4922","post","type-post","status-publish","format-standard","hentry","category-normativa-urbanistica-de-aplicacion-planeamiento"],"_links":{"self":[{"href":"https:\/\/www.ciudadrodrigo.es\/ayuntamiento\/wp-json\/wp\/v2\/posts\/4922","targetHints":{"allow":["GET"]}}],"collection":[{"href":"https:\/\/www.ciudadrodrigo.es\/ayuntamiento\/wp-json\/wp\/v2\/posts"}],"about":[{"href":"https:\/\/www.ciudadrodrigo.es\/ayuntamiento\/wp-json\/wp\/v2\/types\/post"}],"author":[{"embeddable":true,"href":"https:\/\/www.ciudadrodrigo.es\/ayuntamiento\/wp-json\/wp\/v2\/users\/1"}],"replies":[{"embeddable":true,"href":"https:\/\/www.ciudadrodrigo.es\/ayuntamiento\/wp-json\/wp\/v2\/comments?post=4922"}],"version-history":[{"count":3,"href":"https:\/\/www.ciudadrodrigo.es\/ayuntamiento\/wp-json\/wp\/v2\/posts\/4922\/revisions"}],"predecessor-version":[{"id":7761,"href":"https:\/\/www.ciudadrodrigo.es\/ayuntamiento\/wp-json\/wp\/v2\/posts\/4922\/revisions\/7761"}],"wp:attachment":[{"href":"https:\/\/www.ciudadrodrigo.es\/ayuntamiento\/wp-json\/wp\/v2\/media?parent=4922"}],"wp:term":[{"taxonomy":"category","embeddable":true,"href":"https:\/\/www.ciudadrodrigo.es\/ayuntamiento\/wp-json\/wp\/v2\/categories?post=4922"},{"taxonomy":"post_tag","embeddable":true,"href":"https:\/\/www.ciudadrodrigo.es\/ayuntamiento\/wp-json\/wp\/v2\/tags?post=4922"}],"curies":[{"name":"wp","href":"https:\/\/api.w.org\/{rel}","templated":true}]}}