{"id":4924,"date":"2018-10-25T16:56:29","date_gmt":"2018-10-25T16:56:29","guid":{"rendered":"https:\/\/www.ciudadrodrigo.es\/ayuntamiento\/?p=4924"},"modified":"2020-02-13T13:20:20","modified_gmt":"2020-02-13T12:20:20","slug":"modificacion-no-9-del-pgou-para-sustituir-los-sistemas-generales-adscritos-al-sector-34-1","status":"publish","type":"post","link":"https:\/\/www.ciudadrodrigo.es\/ayuntamiento\/modificacion-no-9-del-pgou-para-sustituir-los-sistemas-generales-adscritos-al-sector-34-1\/","title":{"rendered":"Modificaci\u00f3n N\u00ba 9 del PGOU para sustituir los sistemas generales adscritos al Sector 34.1"},"content":{"rendered":"<p><strong>Modificaci\u00f3n N\u00ba 9 del PGOU para sustituir los sistemas generales adscritos al Sector 34.1<\/strong><\/p>\n<p><strong>PROMOTOR:<\/strong> Victoriano Mart\u00edn Mateos.<br \/>\n<strong>APROBACI\u00d3N INICIAL:<\/strong><br \/>\n&#8211; <span style=\"text-decoration: underline;\">Acuerdo Plenario:<\/span> 11 de mayo de 2017.<br \/>\n&#8211; <span style=\"text-decoration: underline;\">Publicaci\u00f3n web:<\/span> 29 de mayo de 2017.<br \/>\n&#8211; <span style=\"text-decoration: underline;\">Publicaci\u00f3n BOCyL:<\/span> n\u00ba 105 de 5 de junio de 2017.<br \/>\n&#8211; <span style=\"text-decoration: underline;\">Publicaci\u00f3n prensa:<\/span> El Norte de Castilla 31 de mayo de 2017.<br \/>\n&#8211; <span style=\"text-decoration: underline;\">Per\u00edodo de informaci\u00f3n p\u00fablica:<\/span> dos meses desde la \u00faltima de las publicaciones<\/p>\n<p><strong>INFORME AMBIENTAL ESTRAT\u00c9GICO:<\/strong><br \/>\n<span style=\"text-decoration: underline;\">ORDEN FYM\/1006\/2018, de 31 de agosto.<\/span> BOCYL 26\/09\/2018<\/p>\n<p><strong>APROBACI\u00d3N PROVISIONAL:<\/strong><br \/>\n&#8211; <span style=\"text-decoration: underline;\">Acuerdo plenario:<\/span>\u00a08 de noviembre de 2018<br \/>\n<strong>APROBACI\u00d3N DEFINITIVA:<\/strong><br \/>\n&#8211;<span style=\"text-decoration: underline;\"> Comisi\u00f3n Territorial de Urbanismo<\/span>: 12 de febrero de 2019<br \/>\n&#8211; <span style=\"text-decoration: underline;\">Publicaci\u00f3n BOCyL:<\/span> <a href=\"http:\/\/bocyl.jcyl.es\/boletines\/2019\/05\/14\/pdf\/BOCYL-D-14052019-23.pdf\" target=\"_blank\" rel=\"noopener noreferrer\">n\u00ba 90 de 14 de mayo de 2019<\/a><\/p>\n<p><span style=\"text-decoration: underline;\"><em><strong>DOCUMENTOS:<\/strong><\/em><\/span><\/p>\n<table style=\"height: 147px;\" width=\"473\">\n<tbody>\n<tr>\n<td style=\"width: 30px; text-align: left; vertical-align: middle;\"><img loading=\"lazy\" decoding=\"async\" class=\"alignleft size-full wp-image-2515\" src=\"http:\/\/www.ciudadrodrigo.es\/ayuntamiento\/wp-content\/uploads\/2018\/04\/iconoDescargaPdf.png\" alt=\"iconodescargapdf\" width=\"30\" height=\"30\" \/><\/td>\n<td>\u00a0<a href=\"http:\/\/www.ciudadrodrigo.es\/ayuntamiento\/wp-content\/uploads\/2018\/10\/Memoria-modificacionN9-PGOU-Sector-34-1.pdf\" target=\"_blank\" rel=\"noopener noreferrer\">Memoria<\/a><\/td>\n<\/tr>\n<tr>\n<td style=\"width: 30px; text-align: left; vertical-align: middle;\"><img loading=\"lazy\" decoding=\"async\" class=\"alignleft size-full wp-image-2515\" src=\"http:\/\/www.ciudadrodrigo.es\/ayuntamiento\/wp-content\/uploads\/2018\/04\/iconoDescargaPdf.png\" alt=\"iconodescargapdf\" width=\"30\" height=\"30\" \/><\/td>\n<td>\u00a0<a href=\"http:\/\/www.ciudadrodrigo.es\/ayuntamiento\/wp-content\/uploads\/2018\/10\/MemoriaAprobada-Provisionalmente-Sector-34-1.pdf\" target=\"_blank\" rel=\"noopener noreferrer\">Memoria Aprobada provisionalmente<\/a><\/td>\n<\/tr>\n<tr>\n<td style=\"width: 30px; text-align: left; vertical-align: middle;\"><img loading=\"lazy\" decoding=\"async\" class=\"alignleft size-full wp-image-2515\" src=\"http:\/\/www.ciudadrodrigo.es\/ayuntamiento\/wp-content\/uploads\/2018\/04\/iconoDescargaPdf.png\" alt=\"iconodescargapdf\" width=\"30\" height=\"30\" \/><\/td>\n<td>\u00a0<a href=\"http:\/\/www.ciudadrodrigo.es\/ayuntamiento\/wp-content\/uploads\/2018\/10\/DocumentoAmbientalEstrategico-Sector-34-1-PGOU-9.pdf\" target=\"_blank\" rel=\"noopener noreferrer\">Documento ambiental estrat\u00e9gico<\/a><\/td>\n<\/tr>\n<\/tbody>\n<\/table>\n<p>&nbsp;<\/p>\n","protected":false},"excerpt":{"rendered":"<p>Modificaci\u00f3n N\u00ba 9 del PGOU para sustituir los sistemas generales adscritos al Sector 34.1 PROMOTOR: Victoriano Mart\u00edn Mateos. APROBACI\u00d3N INICIAL: &#8211; Acuerdo Plenario: 11 de mayo de 2017. &#8211; Publicaci\u00f3n web: 29 de mayo de 2017. &#8211; Publicaci\u00f3n BOCyL: n\u00ba 105 de 5 de junio de 2017. &#8211; Publicaci\u00f3n prensa: El Norte de Castilla 31 [&hellip;]<\/p>\n","protected":false},"author":1,"featured_media":0,"comment_status":"closed","ping_status":"closed","sticky":false,"template":"","format":"standard","meta":{"footnotes":""},"categories":[152],"tags":[],"class_list":["post-4924","post","type-post","status-publish","format-standard","hentry","category-normativa-urbanistica-de-aplicacion-planeamiento"],"_links":{"self":[{"href":"https:\/\/www.ciudadrodrigo.es\/ayuntamiento\/wp-json\/wp\/v2\/posts\/4924","targetHints":{"allow":["GET"]}}],"collection":[{"href":"https:\/\/www.ciudadrodrigo.es\/ayuntamiento\/wp-json\/wp\/v2\/posts"}],"about":[{"href":"https:\/\/www.ciudadrodrigo.es\/ayuntamiento\/wp-json\/wp\/v2\/types\/post"}],"author":[{"embeddable":true,"href":"https:\/\/www.ciudadrodrigo.es\/ayuntamiento\/wp-json\/wp\/v2\/users\/1"}],"replies":[{"embeddable":true,"href":"https:\/\/www.ciudadrodrigo.es\/ayuntamiento\/wp-json\/wp\/v2\/comments?post=4924"}],"version-history":[{"count":8,"href":"https:\/\/www.ciudadrodrigo.es\/ayuntamiento\/wp-json\/wp\/v2\/posts\/4924\/revisions"}],"predecessor-version":[{"id":7762,"href":"https:\/\/www.ciudadrodrigo.es\/ayuntamiento\/wp-json\/wp\/v2\/posts\/4924\/revisions\/7762"}],"wp:attachment":[{"href":"https:\/\/www.ciudadrodrigo.es\/ayuntamiento\/wp-json\/wp\/v2\/media?parent=4924"}],"wp:term":[{"taxonomy":"category","embeddable":true,"href":"https:\/\/www.ciudadrodrigo.es\/ayuntamiento\/wp-json\/wp\/v2\/categories?post=4924"},{"taxonomy":"post_tag","embeddable":true,"href":"https:\/\/www.ciudadrodrigo.es\/ayuntamiento\/wp-json\/wp\/v2\/tags?post=4924"}],"curies":[{"name":"wp","href":"https:\/\/api.w.org\/{rel}","templated":true}]}}